{"id":243,"date":"2024-08-16T10:21:19","date_gmt":"2024-08-16T14:21:19","guid":{"rendered":"https:\/\/logisticalegal.com.do\/?p=243"},"modified":"2024-08-27T10:06:06","modified_gmt":"2024-08-27T14:06:06","slug":"la-relevancia-constitucional-del-16-de-agosto-en-la-republica-dominicana","status":"publish","type":"post","link":"https:\/\/logisticalegal.com.do\/en\/la-relevancia-constitucional-del-16-de-agosto-en-la-republica-dominicana\/","title":{"rendered":"La Relevancia Constitucional del 16 de Agosto en la Rep\u00fablica Dominicana"},"content":{"rendered":"<p><img loading=\"lazy\" decoding=\"async\" class=\"wp-image-244 alignleft\" src=\"https:\/\/logisticalegal.com.do\/wp-content\/uploads\/2024\/08\/Copia-de-Articulos-Opinion-74-300x300.jpg\" alt=\"\" width=\"443\" height=\"443\" srcset=\"https:\/\/logisticalegal.com.do\/wp-content\/uploads\/2024\/08\/Copia-de-Articulos-Opinion-74-300x300.jpg 300w, https:\/\/logisticalegal.com.do\/wp-content\/uploads\/2024\/08\/Copia-de-Articulos-Opinion-74-1024x1024.jpg 1024w, https:\/\/logisticalegal.com.do\/wp-content\/uploads\/2024\/08\/Copia-de-Articulos-Opinion-74-150x150.jpg 150w, https:\/\/logisticalegal.com.do\/wp-content\/uploads\/2024\/08\/Copia-de-Articulos-Opinion-74-768x768.jpg 768w, https:\/\/logisticalegal.com.do\/wp-content\/uploads\/2024\/08\/Copia-de-Articulos-Opinion-74-12x12.jpg 12w, https:\/\/logisticalegal.com.do\/wp-content\/uploads\/2024\/08\/Copia-de-Articulos-Opinion-74-146x146.jpg 146w, https:\/\/logisticalegal.com.do\/wp-content\/uploads\/2024\/08\/Copia-de-Articulos-Opinion-74-50x50.jpg 50w, https:\/\/logisticalegal.com.do\/wp-content\/uploads\/2024\/08\/Copia-de-Articulos-Opinion-74-75x75.jpg 75w, https:\/\/logisticalegal.com.do\/wp-content\/uploads\/2024\/08\/Copia-de-Articulos-Opinion-74-85x85.jpg 85w, https:\/\/logisticalegal.com.do\/wp-content\/uploads\/2024\/08\/Copia-de-Articulos-Opinion-74-80x80.jpg 80w, https:\/\/logisticalegal.com.do\/wp-content\/uploads\/2024\/08\/Copia-de-Articulos-Opinion-74.jpg 1030w\" sizes=\"(max-width: 443px) 100vw, 443px\" \/><\/p>\n<p>El\u00a016 de agosto de 1863 marc\u00f3 el inicio de la Guerra de Restauraci\u00f3n con el emblem\u00e1tico Grito de Capotillo, un acontecimiento que resalta la lucha por la soberan\u00eda y la identidad dominicana. Esta fecha, m\u00e1s all\u00e1 de su valor hist\u00f3rico, ofrece una oportunidad para reflexionar sobre la libertad alcanzada y honrar a aquellos que sacrificaron sus vidas en nombre de la patria. Como abogado, mi inter\u00e9s radica en analizar lo que la carta magna establece respecto a este d\u00eda de trascendencia nacional.<\/p>\n<p>Este evento hist\u00f3rico no solo marc\u00f3 el comienzo de una gesta heroica por la independencia y la soberan\u00eda de la Rep\u00fablica Dominicana, sino que tambi\u00e9n simboliza el renacimiento de la identidad nacional tras la anexi\u00f3n a Espa\u00f1a. La importancia de este d\u00eda se refleja en su reconocimiento constitucional como una de las fechas patrias m\u00e1s significativas, donde se exalta el valor de la autodeterminaci\u00f3n y la libertad del pueblo dominicano. Este reconocimiento se encuentra expresamente consagrado en el art\u00edculo 35 de la Constituci\u00f3n de la Rep\u00fablica Dominicana, que establece: \u201c<em>Los d\u00edas 27 de febrero y 16 de agosto, aniversarios de la Independencia y la Restauraci\u00f3n de la Rep\u00fablica, respectivamente, se declaran de fiesta nacional<\/em>\u201d.<\/p>\n<p>El 16 de agosto, junto al 27 de febrero, son los \u00fanicos d\u00edas de fiesta nacional expresamente reconocidos en la Ley sustantiva, seg\u00fan lo dispuesto en su art\u00edculo 35. Esta disposici\u00f3n resalta la importancia de ambas fechas como pilares fundamentales de la historia dominicana, subrayando su papel en la construcci\u00f3n de la identidad nacional. Adem\u00e1s, la relevancia de estos d\u00edas festivos trasciende lo simb\u00f3lico, al estar tambi\u00e9n vinculados con aspectos esenciales del funcionamiento del Estado, tales como la apertura de las legislaturas ordinarias.<\/p>\n<p>Cada 16 de agosto, al igual que el 27 de febrero, se inician las legislaturas ordinarias, de acuerdo con lo estipulado en la carta pol\u00edtica. Estas legislaturas, que tienen una duraci\u00f3n de ciento cincuenta d\u00edas, representan un ciclo esencial en el funcionamiento del Congreso Nacional y en el proceso legislativo del pa\u00eds. Este periodo es crucial para la aprobaci\u00f3n de leyes y el cumplimiento de las funciones legislativas que sostienen el orden jur\u00eddico de la naci\u00f3n. Este mandato constitucional es un reflejo del compromiso de la Rep\u00fablica Dominicana con la estabilidad institucional y la continuidad de su proceso democr\u00e1tico, tal como se establece en los art\u00edculos 89 y 90 de la Constituci\u00f3n, que regulan el inicio y el t\u00e9rmino de las legislaturas ordinarias.<\/p>\n<p>Uno de los eventos m\u00e1s significativos que se da cada cuatro a\u00f1os en esta fecha es la juramentaci\u00f3n del Presidente y del Vicepresidente de la Rep\u00fablica. Conforme al art\u00edculo 126 de la Ley sustantiva: \u201c<em>El Presidente y el Vicepresidente de la Rep\u00fablica elegidos en los comicios generales, prestar\u00e1n juramento a sus cargos el d\u00eda 16 de agosto siguiente a su elecci\u00f3n, fecha en que termina el per\u00edodo de las autoridades salientes<\/em>\u201d.<\/p>\n<p>En el contexto actual de la Rep\u00fablica Dominicana, este acto cobra una relevancia particular al repetirse el mandato del mismo Presidente y Vicepresidente, lo que subraya la estabilidad pol\u00edtica del pa\u00eds y la confianza del electorado en sus dirigentes. La reelecci\u00f3n implica desaf\u00edos renovados, ya que se espera la continuaci\u00f3n y profundizaci\u00f3n de las pol\u00edticas p\u00fablicas que han caracterizado su gesti\u00f3n. Este acto no solo marca la continuidad en el liderazgo pol\u00edtico, sino que tambi\u00e9n refleja el respeto por los procedimientos constitucionales que garantizan la alternancia y el control del poder dentro de los marcos de la legalidad y la democracia.<\/p>\n<p>Estimados lectores, <strong>\u00bfqu\u00e9 sucede si llega el 16 de agosto y el Presidente de la Rep\u00fablica no puede juramentarse debido a enfermedad, ausencia del pa\u00eds u otra causa?<\/strong><\/p>\n<p>La propia carta magna aborda esta situaci\u00f3n en el literal 1 del art\u00edculo 126, estableciendo que: \u201c<em>ser\u00e1 juramentado el Vicepresidente de la Rep\u00fablica, quien ejercer\u00e1 de forma interina las funciones de Presidente de la Rep\u00fablica, y a falta de \u00e9ste, el Presidente de la Suprema Corte de Justicia<\/em>\u201d. Esta previsi\u00f3n refleja la importancia de garantizar la continuidad del poder ejecutivo y evitar vac\u00edos de poder, asegurando que siempre haya una autoridad leg\u00edtima al frente del Estado.<\/p>\n<p>Es esencial destacar que tanto el Presidente como el Vicepresidente, antes de asumir sus funciones, deben realizar un juramento, como se mencion\u00f3 previamente. Ahora bien<strong>, \u00bfqu\u00e9 deben jurar exactamente?<\/strong> El art\u00edculo 127 de la carta pol\u00edtica establece que deben jurar lo siguiente: \u201c<em>Juro ante Dios y ante el pueblo, por la Patria y por mi honor, cumplir y hacer cumplir la Constituci\u00f3n y las leyes de la Rep\u00fablica, proteger y defender su independencia, respetar los derechos y las libertades de los ciudadanos y ciudadanas, y cumplir fielmente los deberes de mi cargo<\/em>\u201d. Este juramento no es solo una formalidad, sino una declaraci\u00f3n solemne del compromiso de los mandatarios con los principios constitucionales y con el bienestar de la naci\u00f3n.<\/p>\n<p>El 16 de agosto reviste otra importancia constitucional, ya que, al igual que el 27 de febrero y el 23 de diciembre, <strong>el Presidente puede conceder indultos<\/strong>. Este poder, conferido al jefe de Estado, permite la revisi\u00f3n de sentencias y la eventual liberaci\u00f3n de personas condenadas, bajo circunstancias especiales que lo ameriten. La facultad de otorgar indultos es una expresi\u00f3n de la soberan\u00eda y la humanidad del Estado, y su uso debe ser cuidadosamente regulado para asegurar que se aplique con justicia y equidad. Seg\u00fan el art\u00edculo 128, numeral 1, literal \u201cj\u201d de la Constituci\u00f3n, es una facultad exclusiva del Presidente de la Rep\u00fablica \u201c<em>conceder indultos por hechos cometidos con anterioridad al ejercicio de su funci\u00f3n, de acuerdo con la ley<\/em>\u201d.<\/p>\n<p>Lo anterior pone de manifiesto la necesidad de contar con una ley que regule el mismo, ya que es la propia carta magna la que as\u00ed lo establece. La regulaci\u00f3n de este poder presidencial es crucial para garantizar la transparencia y la legitimidad en su ejercicio, evitando abusos y asegurando que se administre conforme a los principios del derecho y la justicia. El desarrollo de una legislaci\u00f3n adecuada sobre los indultos permitir\u00eda un mayor control y supervisi\u00f3n sobre el ejercicio de este poder, protegiendo los derechos fundamentales de las personas y asegurando que se haga un uso correcto y equitativo de esta prerrogativa presidencial.<\/p>\n<p>En conclusi\u00f3n, el 16 de agosto no solo es una fecha de gran valor hist\u00f3rico y patri\u00f3tico, sino tambi\u00e9n un d\u00eda cargado de significados constitucionales que reflejan la estructura y el funcionamiento de la Rep\u00fablica Dominicana. Es una fecha que nos invita a reflexionar sobre el pasado, pero tambi\u00e9n a mirar hacia el futuro con un firme compromiso con la legalidad y el bienestar de nuestra naci\u00f3n. La Constituci\u00f3n Dominicana no solo consagra esta fecha como un pilar de nuestra historia, sino que la envuelve en un marco de legalidad que garantiza la estabilidad pol\u00edtica y el respeto a los principios democr\u00e1ticos que rigen nuestra Rep\u00fablica.<\/p>","protected":false},"excerpt":{"rendered":"<p><span class=\"excerpt-hellip\"> [\u2026]<\/span><\/p>\n","protected":false},"author":2,"featured_media":289,"comment_status":"open","ping_status":"open","sticky":false,"template":"","format":"standard","meta":{"footnotes":""},"categories":[3],"tags":[5],"yoast_head":"<!-- This site is optimized with the Yoast SEO plugin v23.1 - https:\/\/yoast.com\/wordpress\/plugins\/seo\/ -->\n<title>La Relevancia Constitucional del 16 de Agosto en la Rep\u00fablica Dominicana - Logistica Legal<\/title>\n<meta name=\"robots\" content=\"index, follow, max-snippet:-1, max-image-preview:large, max-video-preview:-1\" \/>\n<link rel=\"canonical\" href=\"https:\/\/logisticalegal.com.do\/en\/la-relevancia-constitucional-del-16-de-agosto-en-la-republica-dominicana\/\" \/>\n<meta property=\"og:locale\" content=\"en_US\" \/>\n<meta property=\"og:type\" content=\"article\" \/>\n<meta property=\"og:title\" content=\"La Relevancia Constitucional del 16 de Agosto en la Rep\u00fablica Dominicana - Logistica Legal\" \/>\n<meta property=\"og:description\" content=\"[\u2026]\" \/>\n<meta property=\"og:url\" content=\"https:\/\/logisticalegal.com.do\/en\/la-relevancia-constitucional-del-16-de-agosto-en-la-republica-dominicana\/\" \/>\n<meta property=\"og:site_name\" content=\"Logistica Legal\" \/>\n<meta property=\"article:published_time\" content=\"2024-08-16T14:21:19+00:00\" \/>\n<meta property=\"article:modified_time\" content=\"2024-08-27T14:06:06+00:00\" \/>\n<meta name=\"author\" content=\"Manuel Alejandro Bordas\u00a0Nina\" \/>\n<meta name=\"twitter:card\" content=\"summary_large_image\" \/>\n<meta name=\"twitter:label1\" content=\"Written by\" \/>\n\t<meta name=\"twitter:data1\" content=\"Manuel Alejandro Bordas\u00a0Nina\" \/>\n\t<meta name=\"twitter:label2\" content=\"Est. reading time\" \/>\n\t<meta name=\"twitter:data2\" content=\"6 minutes\" \/>\n<script type=\"application\/ld+json\" class=\"yoast-schema-graph\">{\"@context\":\"https:\/\/schema.org\",\"@graph\":[{\"@type\":\"WebPage\",\"@id\":\"https:\/\/logisticalegal.com.do\/la-relevancia-constitucional-del-16-de-agosto-en-la-republica-dominicana\/\",\"url\":\"https:\/\/logisticalegal.com.do\/la-relevancia-constitucional-del-16-de-agosto-en-la-republica-dominicana\/\",\"name\":\"La Relevancia Constitucional del 16 de Agosto en la Rep\u00fablica Dominicana - Logistica Legal\",\"isPartOf\":{\"@id\":\"https:\/\/logisticalegal.com.do\/#website\"},\"primaryImageOfPage\":{\"@id\":\"https:\/\/logisticalegal.com.do\/la-relevancia-constitucional-del-16-de-agosto-en-la-republica-dominicana\/#primaryimage\"},\"image\":{\"@id\":\"https:\/\/logisticalegal.com.do\/la-relevancia-constitucional-del-16-de-agosto-en-la-republica-dominicana\/#primaryimage\"},\"thumbnailUrl\":\"https:\/\/logisticalegal.com.do\/wp-content\/uploads\/2024\/08\/photo-1692895036454-d3c37c499349.avif\",\"datePublished\":\"2024-08-16T14:21:19+00:00\",\"dateModified\":\"2024-08-27T14:06:06+00:00\",\"author\":{\"@id\":\"https:\/\/logisticalegal.com.do\/#\/schema\/person\/1ac65028ae0bc6553a7fd72e9cad9ce2\"},\"breadcrumb\":{\"@id\":\"https:\/\/logisticalegal.com.do\/la-relevancia-constitucional-del-16-de-agosto-en-la-republica-dominicana\/#breadcrumb\"},\"inLanguage\":\"en-US\",\"potentialAction\":[{\"@type\":\"ReadAction\",\"target\":[\"https:\/\/logisticalegal.com.do\/la-relevancia-constitucional-del-16-de-agosto-en-la-republica-dominicana\/\"]}]},{\"@type\":\"ImageObject\",\"inLanguage\":\"en-US\",\"@id\":\"https:\/\/logisticalegal.com.do\/la-relevancia-constitucional-del-16-de-agosto-en-la-republica-dominicana\/#primaryimage\",\"url\":\"https:\/\/logisticalegal.com.do\/wp-content\/uploads\/2024\/08\/photo-1692895036454-d3c37c499349.avif\",\"contentUrl\":\"https:\/\/logisticalegal.com.do\/wp-content\/uploads\/2024\/08\/photo-1692895036454-d3c37c499349.avif\",\"width\":2071,\"height\":1381},{\"@type\":\"BreadcrumbList\",\"@id\":\"https:\/\/logisticalegal.com.do\/la-relevancia-constitucional-del-16-de-agosto-en-la-republica-dominicana\/#breadcrumb\",\"itemListElement\":[{\"@type\":\"ListItem\",\"position\":1,\"name\":\"Portada\",\"item\":\"https:\/\/logisticalegal.com.do\/\"},{\"@type\":\"ListItem\",\"position\":2,\"name\":\"La Relevancia Constitucional del 16 de Agosto en la Rep\u00fablica Dominicana\"}]},{\"@type\":\"WebSite\",\"@id\":\"https:\/\/logisticalegal.com.do\/#website\",\"url\":\"https:\/\/logisticalegal.com.do\/\",\"name\":\"Logistica Legal\",\"description\":\"Abogados Estrat\u00e9gicos\",\"potentialAction\":[{\"@type\":\"SearchAction\",\"target\":{\"@type\":\"EntryPoint\",\"urlTemplate\":\"https:\/\/logisticalegal.com.do\/?s={search_term_string}\"},\"query-input\":\"required name=search_term_string\"}],\"inLanguage\":\"en-US\"},{\"@type\":\"Person\",\"@id\":\"https:\/\/logisticalegal.com.do\/#\/schema\/person\/1ac65028ae0bc6553a7fd72e9cad9ce2\",\"name\":\"Manuel Alejandro Bordas\u00a0Nina\",\"image\":{\"@type\":\"ImageObject\",\"inLanguage\":\"en-US\",\"@id\":\"https:\/\/logisticalegal.com.do\/#\/schema\/person\/image\/\",\"url\":\"http:\/\/logisticalegal.com.do\/wp-content\/uploads\/2024\/08\/cropped-avatar-96x96.jpg\",\"contentUrl\":\"http:\/\/logisticalegal.com.do\/wp-content\/uploads\/2024\/08\/cropped-avatar-96x96.jpg\",\"caption\":\"Manuel Alejandro Bordas\u00a0Nina\"},\"url\":\"https:\/\/logisticalegal.com.do\/en\/author\/logistica\/\"}]}<\/script>\n<!-- \/ Yoast SEO plugin. -->","yoast_head_json":{"title":"La Relevancia Constitucional del 16 de Agosto en la Rep\u00fablica Dominicana - Logistica Legal","robots":{"index":"index","follow":"follow","max-snippet":"max-snippet:-1","max-image-preview":"max-image-preview:large","max-video-preview":"max-video-preview:-1"},"canonical":"https:\/\/logisticalegal.com.do\/en\/la-relevancia-constitucional-del-16-de-agosto-en-la-republica-dominicana\/","og_locale":"en_US","og_type":"article","og_title":"La Relevancia Constitucional del 16 de Agosto en la Rep\u00fablica Dominicana - Logistica Legal","og_description":"[\u2026]","og_url":"https:\/\/logisticalegal.com.do\/en\/la-relevancia-constitucional-del-16-de-agosto-en-la-republica-dominicana\/","og_site_name":"Logistica Legal","article_published_time":"2024-08-16T14:21:19+00:00","article_modified_time":"2024-08-27T14:06:06+00:00","author":"Manuel Alejandro Bordas\u00a0Nina","twitter_card":"summary_large_image","twitter_misc":{"Written by":"Manuel Alejandro Bordas\u00a0Nina","Est. reading time":"6 minutes"},"schema":{"@context":"https:\/\/schema.org","@graph":[{"@type":"WebPage","@id":"https:\/\/logisticalegal.com.do\/la-relevancia-constitucional-del-16-de-agosto-en-la-republica-dominicana\/","url":"https:\/\/logisticalegal.com.do\/la-relevancia-constitucional-del-16-de-agosto-en-la-republica-dominicana\/","name":"La Relevancia Constitucional del 16 de Agosto en la Rep\u00fablica Dominicana - Logistica Legal","isPartOf":{"@id":"https:\/\/logisticalegal.com.do\/#website"},"primaryImageOfPage":{"@id":"https:\/\/logisticalegal.com.do\/la-relevancia-constitucional-del-16-de-agosto-en-la-republica-dominicana\/#primaryimage"},"image":{"@id":"https:\/\/logisticalegal.com.do\/la-relevancia-constitucional-del-16-de-agosto-en-la-republica-dominicana\/#primaryimage"},"thumbnailUrl":"https:\/\/logisticalegal.com.do\/wp-content\/uploads\/2024\/08\/photo-1692895036454-d3c37c499349.avif","datePublished":"2024-08-16T14:21:19+00:00","dateModified":"2024-08-27T14:06:06+00:00","author":{"@id":"https:\/\/logisticalegal.com.do\/#\/schema\/person\/1ac65028ae0bc6553a7fd72e9cad9ce2"},"breadcrumb":{"@id":"https:\/\/logisticalegal.com.do\/la-relevancia-constitucional-del-16-de-agosto-en-la-republica-dominicana\/#breadcrumb"},"inLanguage":"en-US","potentialAction":[{"@type":"ReadAction","target":["https:\/\/logisticalegal.com.do\/la-relevancia-constitucional-del-16-de-agosto-en-la-republica-dominicana\/"]}]},{"@type":"ImageObject","inLanguage":"en-US","@id":"https:\/\/logisticalegal.com.do\/la-relevancia-constitucional-del-16-de-agosto-en-la-republica-dominicana\/#primaryimage","url":"https:\/\/logisticalegal.com.do\/wp-content\/uploads\/2024\/08\/photo-1692895036454-d3c37c499349.avif","contentUrl":"https:\/\/logisticalegal.com.do\/wp-content\/uploads\/2024\/08\/photo-1692895036454-d3c37c499349.avif","width":2071,"height":1381},{"@type":"BreadcrumbList","@id":"https:\/\/logisticalegal.com.do\/la-relevancia-constitucional-del-16-de-agosto-en-la-republica-dominicana\/#breadcrumb","itemListElement":[{"@type":"ListItem","position":1,"name":"Portada","item":"https:\/\/logisticalegal.com.do\/"},{"@type":"ListItem","position":2,"name":"La Relevancia Constitucional del 16 de Agosto en la Rep\u00fablica Dominicana"}]},{"@type":"WebSite","@id":"https:\/\/logisticalegal.com.do\/#website","url":"https:\/\/logisticalegal.com.do\/","name":"Logistics Legal","description":"Abogados Estrat\u00e9gicos","potentialAction":[{"@type":"SearchAction","target":{"@type":"EntryPoint","urlTemplate":"https:\/\/logisticalegal.com.do\/?s={search_term_string}"},"query-input":"required name=search_term_string"}],"inLanguage":"en-US"},{"@type":"Person","@id":"https:\/\/logisticalegal.com.do\/#\/schema\/person\/1ac65028ae0bc6553a7fd72e9cad9ce2","name":"Manuel Alejandro Bordas\u00a0Nina","image":{"@type":"ImageObject","inLanguage":"en-US","@id":"https:\/\/logisticalegal.com.do\/#\/schema\/person\/image\/","url":"http:\/\/logisticalegal.com.do\/wp-content\/uploads\/2024\/08\/cropped-avatar-96x96.jpg","contentUrl":"http:\/\/logisticalegal.com.do\/wp-content\/uploads\/2024\/08\/cropped-avatar-96x96.jpg","caption":"Manuel Alejandro Bordas\u00a0Nina"},"url":"https:\/\/logisticalegal.com.do\/en\/author\/logistica\/"}]}},"_links":{"self":[{"href":"https:\/\/logisticalegal.com.do\/en\/wp-json\/wp\/v2\/posts\/243"}],"collection":[{"href":"https:\/\/logisticalegal.com.do\/en\/wp-json\/wp\/v2\/posts"}],"about":[{"href":"https:\/\/logisticalegal.com.do\/en\/wp-json\/wp\/v2\/types\/post"}],"author":[{"embeddable":true,"href":"https:\/\/logisticalegal.com.do\/en\/wp-json\/wp\/v2\/users\/2"}],"replies":[{"embeddable":true,"href":"https:\/\/logisticalegal.com.do\/en\/wp-json\/wp\/v2\/comments?post=243"}],"version-history":[{"count":1,"href":"https:\/\/logisticalegal.com.do\/en\/wp-json\/wp\/v2\/posts\/243\/revisions"}],"predecessor-version":[{"id":245,"href":"https:\/\/logisticalegal.com.do\/en\/wp-json\/wp\/v2\/posts\/243\/revisions\/245"}],"wp:featuredmedia":[{"embeddable":true,"href":"https:\/\/logisticalegal.com.do\/en\/wp-json\/wp\/v2\/media\/289"}],"wp:attachment":[{"href":"https:\/\/logisticalegal.com.do\/en\/wp-json\/wp\/v2\/media?parent=243"}],"wp:term":[{"taxonomy":"category","embeddable":true,"href":"https:\/\/logisticalegal.com.do\/en\/wp-json\/wp\/v2\/categories?post=243"},{"taxonomy":"post_tag","embeddable":true,"href":"https:\/\/logisticalegal.com.do\/en\/wp-json\/wp\/v2\/tags?post=243"}],"curies":[{"name":"wp","href":"https:\/\/api.w.org\/{rel}","templated":true}]}}