{"id":248,"date":"2024-08-01T10:29:56","date_gmt":"2024-08-01T14:29:56","guid":{"rendered":"https:\/\/logisticalegal.com.do\/?p=248"},"modified":"2024-08-27T10:13:15","modified_gmt":"2024-08-27T14:13:15","slug":"la-censura-previa-un-obstaculo-para-la-libertad-de-expresion-y-la-democracia","status":"publish","type":"post","link":"https:\/\/logisticalegal.com.do\/en\/la-censura-previa-un-obstaculo-para-la-libertad-de-expresion-y-la-democracia\/","title":{"rendered":"La Censura Previa: Un Obst\u00e1culo para la Libertad de Expresi\u00f3n y la Democracia"},"content":{"rendered":"<p>En la Rep\u00fablica Dominicana, la libertad de expresi\u00f3n y de informaci\u00f3n es un derecho fundamental garantizado por el art\u00edculo 49 de la Constituci\u00f3n. Este derecho permite a las personas expresar sus pensamientos, ideas y opiniones sin temor a represalias o censura por parte del Estado, particulares u otras entidades. La Constituci\u00f3n establece claramente que: \u201c<em>Toda persona tiene derecho a expresar libremente sus pensamientos, ideas y opiniones, por cualquier medio, sin que pueda establecerse censura previa<\/em>\u201d.<\/p>\n<p>La censura previa se refiere a cualquier medida que impida la difusi\u00f3n de una informaci\u00f3n o expresi\u00f3n antes de que ocurra, lo cual contradice la libertad de expresi\u00f3n por varias razones:<\/p>\n<ol>\n<li><strong>Restricci\u00f3n a la Libertad de Informaci\u00f3n.<\/strong><\/li>\n<\/ol>\n<p><strong>\u00a0<\/strong>La censura previa impide que la informaci\u00f3n llegue al p\u00fablico, limitando el acceso a diversas perspectivas y opiniones. En una democracia, el intercambio libre y abierto de ideas es esencial para que los ciudadanos tomen decisiones informadas. Sin acceso a una variedad de fuentes y puntos de vista, la capacidad de las personas para formar su propia opini\u00f3n se ve gravemente restringida, lo cual es vital para el funcionamiento de una democracia genuina.<strong>\u00a0<\/strong><\/p>\n<ol start=\"2\">\n<li><strong>Impacto en el Debate P\u00fablico.<\/strong><\/li>\n<\/ol>\n<p>La censura previa crea un ambiente de autocensura entre los comunicadores y medios de comunicaci\u00f3n, quienes pueden evitar ciertos temas por temor a represalias. Esto restringe el debate p\u00fablico y la capacidad de la sociedad para abordar y resolver problemas importantes. La autocensura disminuye la calidad del discurso p\u00fablico, privando a la sociedad de la oportunidad de enfrentar desaf\u00edos de manera abierta y honesta.<\/p>\n<ol start=\"3\">\n<li><strong>Violaci\u00f3n de Derechos Fundamentales.<\/strong><\/li>\n<\/ol>\n<p>La prohibici\u00f3n de la censura previa est\u00e1 en l\u00ednea con tratados y convenciones internacionales sobre derechos humanos, como el art\u00edculo 19 del Pacto Internacional de Derechos Civiles y Pol\u00edticos (PIDCP) y el art\u00edculo 13 de la Convenci\u00f3n Americana sobre Derechos Humanos (CADH). Ambos instrumentos refuerzan la protecci\u00f3n de la libertad de expresi\u00f3n y el derecho a recibir y difundir informaci\u00f3n sin interferencias. La censura previa no solo viola los derechos individuales, sino que tambi\u00e9n socava los principios fundamentales sobre los cuales se basan estas convenciones.<\/p>\n<ol start=\"4\">\n<li><strong>Funci\u00f3n de Contrapeso.<\/strong><\/li>\n<\/ol>\n<p>La libertad de expresi\u00f3n act\u00faa como un contrapeso frente al poder del Estado y los particulares, permitiendo las cr\u00edticas, denuncia de abusos y corrupci\u00f3n. La censura previa debilita este tr\u00edpode, favoreciendo la opacidad y la falta de responsabilidad. Sin una prensa libre y sin restricciones, los abusos de poder pueden quedar sin ser denunciados y corregidos, perpetuando la injusticia y la corrupci\u00f3n.<\/p>\n<ol start=\"5\">\n<li><strong>Necesidad para el Desarrollo y Progreso Social.<\/strong><\/li>\n<\/ol>\n<p>En una democracia saludable, la libertad de expresi\u00f3n no es solo un derecho, sino una necesidad para el desarrollo y el progreso social. La censura previa es comparable a colocar una barrera frente a la ventana del conocimiento y la verdad. Si no se permite que las ideas fluyan libremente, la sociedad queda atrapada en la oscuridad de la ignorancia y la desinformaci\u00f3n.<\/p>\n<p>En conclusi\u00f3n, la censura previa representa una amenaza significativa a la libertad de expresi\u00f3n y, por ende, a la democracia. Es esencial mantener la prohibici\u00f3n de esta pr\u00e1ctica para garantizar que los ciudadanos puedan acceder a la informaci\u00f3n y participar plenamente en el debate p\u00fablico, promoviendo as\u00ed una sociedad m\u00e1s justa y transparente.<\/p>","protected":false},"excerpt":{"rendered":"<p><span class=\"excerpt-hellip\"> [\u2026]<\/span><\/p>\n","protected":false},"author":2,"featured_media":283,"comment_status":"open","ping_status":"open","sticky":false,"template":"","format":"standard","meta":{"footnotes":""},"categories":[3,1],"tags":[],"yoast_head":"<!-- This site is optimized with the Yoast SEO plugin v23.1 - https:\/\/yoast.com\/wordpress\/plugins\/seo\/ -->\n<title>La Censura Previa: Un Obst\u00e1culo para la Libertad de Expresi\u00f3n y la Democracia - Logistica Legal<\/title>\n<meta name=\"robots\" content=\"index, follow, max-snippet:-1, max-image-preview:large, max-video-preview:-1\" \/>\n<link rel=\"canonical\" href=\"https:\/\/logisticalegal.com.do\/en\/la-censura-previa-un-obstaculo-para-la-libertad-de-expresion-y-la-democracia\/\" \/>\n<meta property=\"og:locale\" content=\"en_US\" \/>\n<meta property=\"og:type\" content=\"article\" \/>\n<meta property=\"og:title\" content=\"La Censura Previa: Un Obst\u00e1culo para la Libertad de Expresi\u00f3n y la Democracia - Logistica Legal\" \/>\n<meta property=\"og:description\" content=\"[\u2026]\" \/>\n<meta property=\"og:url\" content=\"https:\/\/logisticalegal.com.do\/en\/la-censura-previa-un-obstaculo-para-la-libertad-de-expresion-y-la-democracia\/\" \/>\n<meta property=\"og:site_name\" content=\"Logistica Legal\" \/>\n<meta property=\"article:published_time\" content=\"2024-08-01T14:29:56+00:00\" \/>\n<meta property=\"article:modified_time\" content=\"2024-08-27T14:13:15+00:00\" \/>\n<meta name=\"author\" content=\"Manuel Alejandro Bordas\u00a0Nina\" \/>\n<meta name=\"twitter:card\" content=\"summary_large_image\" \/>\n<meta name=\"twitter:label1\" content=\"Written by\" \/>\n\t<meta name=\"twitter:data1\" content=\"Manuel Alejandro Bordas\u00a0Nina\" \/>\n\t<meta name=\"twitter:label2\" content=\"Est. reading time\" \/>\n\t<meta name=\"twitter:data2\" content=\"3 minutes\" \/>\n<script type=\"application\/ld+json\" class=\"yoast-schema-graph\">{\"@context\":\"https:\/\/schema.org\",\"@graph\":[{\"@type\":\"WebPage\",\"@id\":\"https:\/\/logisticalegal.com.do\/la-censura-previa-un-obstaculo-para-la-libertad-de-expresion-y-la-democracia\/\",\"url\":\"https:\/\/logisticalegal.com.do\/la-censura-previa-un-obstaculo-para-la-libertad-de-expresion-y-la-democracia\/\",\"name\":\"La Censura Previa: Un Obst\u00e1culo para la Libertad de Expresi\u00f3n y la Democracia - Logistica Legal\",\"isPartOf\":{\"@id\":\"https:\/\/logisticalegal.com.do\/#website\"},\"primaryImageOfPage\":{\"@id\":\"https:\/\/logisticalegal.com.do\/la-censura-previa-un-obstaculo-para-la-libertad-de-expresion-y-la-democracia\/#primaryimage\"},\"image\":{\"@id\":\"https:\/\/logisticalegal.com.do\/la-censura-previa-un-obstaculo-para-la-libertad-de-expresion-y-la-democracia\/#primaryimage\"},\"thumbnailUrl\":\"https:\/\/logisticalegal.com.do\/wp-content\/uploads\/2024\/08\/photo-1612367289874-0fba3b4a07dd-scaled.avif\",\"datePublished\":\"2024-08-01T14:29:56+00:00\",\"dateModified\":\"2024-08-27T14:13:15+00:00\",\"author\":{\"@id\":\"https:\/\/logisticalegal.com.do\/#\/schema\/person\/1ac65028ae0bc6553a7fd72e9cad9ce2\"},\"breadcrumb\":{\"@id\":\"https:\/\/logisticalegal.com.do\/la-censura-previa-un-obstaculo-para-la-libertad-de-expresion-y-la-democracia\/#breadcrumb\"},\"inLanguage\":\"en-US\",\"potentialAction\":[{\"@type\":\"ReadAction\",\"target\":[\"https:\/\/logisticalegal.com.do\/la-censura-previa-un-obstaculo-para-la-libertad-de-expresion-y-la-democracia\/\"]}]},{\"@type\":\"ImageObject\",\"inLanguage\":\"en-US\",\"@id\":\"https:\/\/logisticalegal.com.do\/la-censura-previa-un-obstaculo-para-la-libertad-de-expresion-y-la-democracia\/#primaryimage\",\"url\":\"https:\/\/logisticalegal.com.do\/wp-content\/uploads\/2024\/08\/photo-1612367289874-0fba3b4a07dd-scaled.avif\",\"contentUrl\":\"https:\/\/logisticalegal.com.do\/wp-content\/uploads\/2024\/08\/photo-1612367289874-0fba3b4a07dd-scaled.avif\",\"width\":1706,\"height\":2560},{\"@type\":\"BreadcrumbList\",\"@id\":\"https:\/\/logisticalegal.com.do\/la-censura-previa-un-obstaculo-para-la-libertad-de-expresion-y-la-democracia\/#breadcrumb\",\"itemListElement\":[{\"@type\":\"ListItem\",\"position\":1,\"name\":\"Portada\",\"item\":\"https:\/\/logisticalegal.com.do\/\"},{\"@type\":\"ListItem\",\"position\":2,\"name\":\"La Censura Previa: Un Obst\u00e1culo para la Libertad de Expresi\u00f3n y la Democracia\"}]},{\"@type\":\"WebSite\",\"@id\":\"https:\/\/logisticalegal.com.do\/#website\",\"url\":\"https:\/\/logisticalegal.com.do\/\",\"name\":\"Logistica Legal\",\"description\":\"Abogados Estrat\u00e9gicos\",\"potentialAction\":[{\"@type\":\"SearchAction\",\"target\":{\"@type\":\"EntryPoint\",\"urlTemplate\":\"https:\/\/logisticalegal.com.do\/?s={search_term_string}\"},\"query-input\":\"required name=search_term_string\"}],\"inLanguage\":\"en-US\"},{\"@type\":\"Person\",\"@id\":\"https:\/\/logisticalegal.com.do\/#\/schema\/person\/1ac65028ae0bc6553a7fd72e9cad9ce2\",\"name\":\"Manuel Alejandro Bordas\u00a0Nina\",\"image\":{\"@type\":\"ImageObject\",\"inLanguage\":\"en-US\",\"@id\":\"https:\/\/logisticalegal.com.do\/#\/schema\/person\/image\/\",\"url\":\"http:\/\/logisticalegal.com.do\/wp-content\/uploads\/2024\/08\/cropped-avatar-96x96.jpg\",\"contentUrl\":\"http:\/\/logisticalegal.com.do\/wp-content\/uploads\/2024\/08\/cropped-avatar-96x96.jpg\",\"caption\":\"Manuel Alejandro Bordas\u00a0Nina\"},\"url\":\"https:\/\/logisticalegal.com.do\/en\/author\/logistica\/\"}]}<\/script>\n<!-- \/ Yoast SEO plugin. -->","yoast_head_json":{"title":"La Censura Previa: Un Obst\u00e1culo para la Libertad de Expresi\u00f3n y la Democracia - Logistica Legal","robots":{"index":"index","follow":"follow","max-snippet":"max-snippet:-1","max-image-preview":"max-image-preview:large","max-video-preview":"max-video-preview:-1"},"canonical":"https:\/\/logisticalegal.com.do\/en\/la-censura-previa-un-obstaculo-para-la-libertad-de-expresion-y-la-democracia\/","og_locale":"en_US","og_type":"article","og_title":"La Censura Previa: Un Obst\u00e1culo para la Libertad de Expresi\u00f3n y la Democracia - Logistica Legal","og_description":"[\u2026]","og_url":"https:\/\/logisticalegal.com.do\/en\/la-censura-previa-un-obstaculo-para-la-libertad-de-expresion-y-la-democracia\/","og_site_name":"Logistica Legal","article_published_time":"2024-08-01T14:29:56+00:00","article_modified_time":"2024-08-27T14:13:15+00:00","author":"Manuel Alejandro Bordas\u00a0Nina","twitter_card":"summary_large_image","twitter_misc":{"Written by":"Manuel Alejandro Bordas\u00a0Nina","Est. reading time":"3 minutes"},"schema":{"@context":"https:\/\/schema.org","@graph":[{"@type":"WebPage","@id":"https:\/\/logisticalegal.com.do\/la-censura-previa-un-obstaculo-para-la-libertad-de-expresion-y-la-democracia\/","url":"https:\/\/logisticalegal.com.do\/la-censura-previa-un-obstaculo-para-la-libertad-de-expresion-y-la-democracia\/","name":"La Censura Previa: Un Obst\u00e1culo para la Libertad de Expresi\u00f3n y la Democracia - Logistica Legal","isPartOf":{"@id":"https:\/\/logisticalegal.com.do\/#website"},"primaryImageOfPage":{"@id":"https:\/\/logisticalegal.com.do\/la-censura-previa-un-obstaculo-para-la-libertad-de-expresion-y-la-democracia\/#primaryimage"},"image":{"@id":"https:\/\/logisticalegal.com.do\/la-censura-previa-un-obstaculo-para-la-libertad-de-expresion-y-la-democracia\/#primaryimage"},"thumbnailUrl":"https:\/\/logisticalegal.com.do\/wp-content\/uploads\/2024\/08\/photo-1612367289874-0fba3b4a07dd-scaled.avif","datePublished":"2024-08-01T14:29:56+00:00","dateModified":"2024-08-27T14:13:15+00:00","author":{"@id":"https:\/\/logisticalegal.com.do\/#\/schema\/person\/1ac65028ae0bc6553a7fd72e9cad9ce2"},"breadcrumb":{"@id":"https:\/\/logisticalegal.com.do\/la-censura-previa-un-obstaculo-para-la-libertad-de-expresion-y-la-democracia\/#breadcrumb"},"inLanguage":"en-US","potentialAction":[{"@type":"ReadAction","target":["https:\/\/logisticalegal.com.do\/la-censura-previa-un-obstaculo-para-la-libertad-de-expresion-y-la-democracia\/"]}]},{"@type":"ImageObject","inLanguage":"en-US","@id":"https:\/\/logisticalegal.com.do\/la-censura-previa-un-obstaculo-para-la-libertad-de-expresion-y-la-democracia\/#primaryimage","url":"https:\/\/logisticalegal.com.do\/wp-content\/uploads\/2024\/08\/photo-1612367289874-0fba3b4a07dd-scaled.avif","contentUrl":"https:\/\/logisticalegal.com.do\/wp-content\/uploads\/2024\/08\/photo-1612367289874-0fba3b4a07dd-scaled.avif","width":1706,"height":2560},{"@type":"BreadcrumbList","@id":"https:\/\/logisticalegal.com.do\/la-censura-previa-un-obstaculo-para-la-libertad-de-expresion-y-la-democracia\/#breadcrumb","itemListElement":[{"@type":"ListItem","position":1,"name":"Portada","item":"https:\/\/logisticalegal.com.do\/"},{"@type":"ListItem","position":2,"name":"La Censura Previa: Un Obst\u00e1culo para la Libertad de Expresi\u00f3n y la Democracia"}]},{"@type":"WebSite","@id":"https:\/\/logisticalegal.com.do\/#website","url":"https:\/\/logisticalegal.com.do\/","name":"Logistics Legal","description":"Abogados Estrat\u00e9gicos","potentialAction":[{"@type":"SearchAction","target":{"@type":"EntryPoint","urlTemplate":"https:\/\/logisticalegal.com.do\/?s={search_term_string}"},"query-input":"required name=search_term_string"}],"inLanguage":"en-US"},{"@type":"Person","@id":"https:\/\/logisticalegal.com.do\/#\/schema\/person\/1ac65028ae0bc6553a7fd72e9cad9ce2","name":"Manuel Alejandro Bordas\u00a0Nina","image":{"@type":"ImageObject","inLanguage":"en-US","@id":"https:\/\/logisticalegal.com.do\/#\/schema\/person\/image\/","url":"http:\/\/logisticalegal.com.do\/wp-content\/uploads\/2024\/08\/cropped-avatar-96x96.jpg","contentUrl":"http:\/\/logisticalegal.com.do\/wp-content\/uploads\/2024\/08\/cropped-avatar-96x96.jpg","caption":"Manuel Alejandro Bordas\u00a0Nina"},"url":"https:\/\/logisticalegal.com.do\/en\/author\/logistica\/"}]}},"_links":{"self":[{"href":"https:\/\/logisticalegal.com.do\/en\/wp-json\/wp\/v2\/posts\/248"}],"collection":[{"href":"https:\/\/logisticalegal.com.do\/en\/wp-json\/wp\/v2\/posts"}],"about":[{"href":"https:\/\/logisticalegal.com.do\/en\/wp-json\/wp\/v2\/types\/post"}],"author":[{"embeddable":true,"href":"https:\/\/logisticalegal.com.do\/en\/wp-json\/wp\/v2\/users\/2"}],"replies":[{"embeddable":true,"href":"https:\/\/logisticalegal.com.do\/en\/wp-json\/wp\/v2\/comments?post=248"}],"version-history":[{"count":3,"href":"https:\/\/logisticalegal.com.do\/en\/wp-json\/wp\/v2\/posts\/248\/revisions"}],"predecessor-version":[{"id":297,"href":"https:\/\/logisticalegal.com.do\/en\/wp-json\/wp\/v2\/posts\/248\/revisions\/297"}],"wp:featuredmedia":[{"embeddable":true,"href":"https:\/\/logisticalegal.com.do\/en\/wp-json\/wp\/v2\/media\/283"}],"wp:attachment":[{"href":"https:\/\/logisticalegal.com.do\/en\/wp-json\/wp\/v2\/media?parent=248"}],"wp:term":[{"taxonomy":"category","embeddable":true,"href":"https:\/\/logisticalegal.com.do\/en\/wp-json\/wp\/v2\/categories?post=248"},{"taxonomy":"post_tag","embeddable":true,"href":"https:\/\/logisticalegal.com.do\/en\/wp-json\/wp\/v2\/tags?post=248"}],"curies":[{"name":"wp","href":"https:\/\/api.w.org\/{rel}","templated":true}]}}