{"id":250,"date":"2024-07-21T10:37:48","date_gmt":"2024-07-21T14:37:48","guid":{"rendered":"https:\/\/logisticalegal.com.do\/?p=250"},"modified":"2024-08-27T10:13:33","modified_gmt":"2024-08-27T14:13:33","slug":"la-abogacia-una-lucha-de-pasiones-que-debe-respetar-la-etica-y-la-paz","status":"publish","type":"post","link":"https:\/\/logisticalegal.com.do\/en\/la-abogacia-una-lucha-de-pasiones-que-debe-respetar-la-etica-y-la-paz\/","title":{"rendered":"La Abogac\u00eda: Una Lucha de Pasiones que Debe Respetar la \u00c9tica y la Paz"},"content":{"rendered":"<p>Recientemente, ha sido tendencia un titular que verdaderamente me averg\u00fcenza y que espero que ning\u00fan colega se vea envuelto nuevamente en una situaci\u00f3n similar: \u201c<em>Dos abogadas protagonizan tremenda pelea en los pasillos del Palacio de Justicia Ciudad Nueva<\/em>\u201d. Este lamentable episodio no solo refleja un deterioro social, sino tambi\u00e9n un deterioro profesional que afecta la imagen de la abogac\u00eda.<\/p>\n<p>La decadencia social en la que vivimos actualmente no solo se est\u00e1 generando y visualizando en los ciudadanos de a pie, sino tambi\u00e9n en los profesionales. Este hecho en particular, donde vemos abogados envueltos en situaciones de violencia e irrespetando la solemnidad de la justicia, debe llamar m\u00e1s nuestra atenci\u00f3n. El abogado est\u00e1 llamado a ser un ente social de paz y equilibrio, un digno representante de la justicia.<\/p>\n<p>Los abogados representamos dos de las cosas que m\u00e1s valora el ser humano: su libertad y patrimonio. Es comprensible que los debates en la representaci\u00f3n de estos intereses puedan ser acalorados. Sin embargo, es imperativo que, tanto dentro como fuera del sal\u00f3n de audiencia, respetemos no solo al abogado de la contraparte, sino tambi\u00e9n a los jueces, fiscales y a nuestros propios representados, as\u00ed como a los de la barra adversa.<\/p>\n<p>Es urgente promover y recordar los mandamientos del abogado, creados por el gran jurista uruguayo Eduardo Juan Couture Etcheverry. En momentos donde se desvirt\u00faan las conductas y se ignoran los principios, en una sociedad donde sus ciudadanos solo tienen o\u00eddo para escuchar halagos y no cr\u00edticas, debemos promover la tolerancia, la libertad, la misericordia y el amor.<\/p>\n<p>Hoy es un momento oportuno para reflexionar sobre el mandamiento IX de Couture, titulado \u201c<strong><em>Olvida<\/em><\/strong>\u201d, que nos recuerda:<\/p>\n<p>\u201c<strong><em>La abogac\u00eda es una lucha de pasiones. Si en cada batalla fueras llenando tu alma de rencor, llegar\u00eda un d\u00eda en que la vida ser\u00eda imposible para ti. Concluido el combate, olvida tan pronto tu victoria como tu derrota<\/em><\/strong>.\u201d<\/p>\n<p>Este enunciado resalta la naturaleza intensa y emocional de la profesi\u00f3n legal, describi\u00e9ndola como una \u201c<strong><em>lucha de pasiones<\/em><\/strong>\u201d. Nos advierte que si permitimos que el rencor se acumule con cada conflicto o caso, eventualmente, esto har\u00e1 que la vida sea insoportable. Por lo tanto, nos aconseja dejar atr\u00e1s tanto las victorias como las derrotas una vez que el combate ha concluido, sugiriendo la importancia de no aferrarse a los resultados y mantener la paz interior para llevar una vida equilibrada y saludable.<\/p>\n<p>Este incidente es una clara llamada de atenci\u00f3n para todos nosotros, los profesionales del derecho. Debemos recordar que nuestra profesi\u00f3n no solo se trata de ganar o perder casos, sino de mantener la integridad, la \u00e9tica y la dignidad en todas nuestras acciones. La violencia y el rompimiento con los principios \u00e9ticos no sumar\u00e1n ni aportar\u00e1n a nuestra carrera ni al \u00e9xito de nuestros procesos.<\/p>\n<p>La abogac\u00eda, m\u00e1s que una profesi\u00f3n, es una vocaci\u00f3n de servicio a la justicia. Es fundamental que volvamos a los principios b\u00e1sicos que gu\u00edan nuestra pr\u00e1ctica: la b\u00fasqueda de la verdad, la defensa de la justicia y el respeto a la dignidad humana. Debemos esforzarnos por ser modelos de conducta y referentes de integridad en una sociedad que cada vez m\u00e1s necesita ejemplos positivos.<\/p>\n<p>Abogados, colegas, evitemos denigrar m\u00e1s nuestra profesi\u00f3n. Recordemos que nuestra responsabilidad va m\u00e1s all\u00e1 de los tribunales y se extiende a toda la sociedad. Mantengamos la calma, el respeto y la profesionalidad en cada situaci\u00f3n, y promovamos una cultura de paz y justicia.<\/p>\n<p>Nuestro prop\u00f3sito es crear una relaci\u00f3n cliente-abogado que sea beneficiosa para ambas partes, bajo el principio de ganar-ganar. Y en todo momento, debemos esforzarnos por mantener la paz interior, el equilibrio y la salud emocional, tanto en nuestra vida profesional como personal.<\/p>\n<p>&nbsp;<\/p>","protected":false},"excerpt":{"rendered":"<p><span class=\"excerpt-hellip\"> [\u2026]<\/span><\/p>\n","protected":false},"author":2,"featured_media":275,"comment_status":"open","ping_status":"open","sticky":false,"template":"","format":"standard","meta":{"footnotes":""},"categories":[3],"tags":[],"yoast_head":"<!-- This site is optimized with the Yoast SEO plugin v23.1 - https:\/\/yoast.com\/wordpress\/plugins\/seo\/ -->\n<title>La Abogac\u00eda: Una Lucha de Pasiones que Debe Respetar la \u00c9tica y la Paz - Logistica Legal<\/title>\n<meta name=\"robots\" content=\"index, follow, max-snippet:-1, max-image-preview:large, max-video-preview:-1\" \/>\n<link rel=\"canonical\" href=\"https:\/\/logisticalegal.com.do\/en\/la-abogacia-una-lucha-de-pasiones-que-debe-respetar-la-etica-y-la-paz\/\" \/>\n<meta property=\"og:locale\" content=\"en_US\" \/>\n<meta property=\"og:type\" content=\"article\" \/>\n<meta property=\"og:title\" content=\"La Abogac\u00eda: Una Lucha de Pasiones que Debe Respetar la \u00c9tica y la Paz - Logistica Legal\" \/>\n<meta property=\"og:description\" content=\"[\u2026]\" \/>\n<meta property=\"og:url\" content=\"https:\/\/logisticalegal.com.do\/en\/la-abogacia-una-lucha-de-pasiones-que-debe-respetar-la-etica-y-la-paz\/\" \/>\n<meta property=\"og:site_name\" content=\"Logistica Legal\" \/>\n<meta property=\"article:published_time\" content=\"2024-07-21T14:37:48+00:00\" \/>\n<meta property=\"article:modified_time\" content=\"2024-08-27T14:13:33+00:00\" \/>\n<meta name=\"author\" content=\"Manuel Alejandro Bordas\u00a0Nina\" \/>\n<meta name=\"twitter:card\" content=\"summary_large_image\" \/>\n<meta name=\"twitter:label1\" content=\"Written by\" \/>\n\t<meta name=\"twitter:data1\" content=\"Manuel Alejandro Bordas\u00a0Nina\" \/>\n\t<meta name=\"twitter:label2\" content=\"Est. reading time\" \/>\n\t<meta name=\"twitter:data2\" content=\"3 minutes\" \/>\n<script type=\"application\/ld+json\" class=\"yoast-schema-graph\">{\"@context\":\"https:\/\/schema.org\",\"@graph\":[{\"@type\":\"WebPage\",\"@id\":\"https:\/\/logisticalegal.com.do\/la-abogacia-una-lucha-de-pasiones-que-debe-respetar-la-etica-y-la-paz\/\",\"url\":\"https:\/\/logisticalegal.com.do\/la-abogacia-una-lucha-de-pasiones-que-debe-respetar-la-etica-y-la-paz\/\",\"name\":\"La Abogac\u00eda: Una Lucha de Pasiones que Debe Respetar la \u00c9tica y la Paz - Logistica Legal\",\"isPartOf\":{\"@id\":\"https:\/\/logisticalegal.com.do\/#website\"},\"primaryImageOfPage\":{\"@id\":\"https:\/\/logisticalegal.com.do\/la-abogacia-una-lucha-de-pasiones-que-debe-respetar-la-etica-y-la-paz\/#primaryimage\"},\"image\":{\"@id\":\"https:\/\/logisticalegal.com.do\/la-abogacia-una-lucha-de-pasiones-que-debe-respetar-la-etica-y-la-paz\/#primaryimage\"},\"thumbnailUrl\":\"https:\/\/logisticalegal.com.do\/wp-content\/uploads\/2024\/08\/photo-1423592707957-3b212afa6733.avif\",\"datePublished\":\"2024-07-21T14:37:48+00:00\",\"dateModified\":\"2024-08-27T14:13:33+00:00\",\"author\":{\"@id\":\"https:\/\/logisticalegal.com.do\/#\/schema\/person\/1ac65028ae0bc6553a7fd72e9cad9ce2\"},\"breadcrumb\":{\"@id\":\"https:\/\/logisticalegal.com.do\/la-abogacia-una-lucha-de-pasiones-que-debe-respetar-la-etica-y-la-paz\/#breadcrumb\"},\"inLanguage\":\"en-US\",\"potentialAction\":[{\"@type\":\"ReadAction\",\"target\":[\"https:\/\/logisticalegal.com.do\/la-abogacia-una-lucha-de-pasiones-que-debe-respetar-la-etica-y-la-paz\/\"]}]},{\"@type\":\"ImageObject\",\"inLanguage\":\"en-US\",\"@id\":\"https:\/\/logisticalegal.com.do\/la-abogacia-una-lucha-de-pasiones-que-debe-respetar-la-etica-y-la-paz\/#primaryimage\",\"url\":\"https:\/\/logisticalegal.com.do\/wp-content\/uploads\/2024\/08\/photo-1423592707957-3b212afa6733.avif\",\"contentUrl\":\"https:\/\/logisticalegal.com.do\/wp-content\/uploads\/2024\/08\/photo-1423592707957-3b212afa6733.avif\",\"width\":1932,\"height\":1087},{\"@type\":\"BreadcrumbList\",\"@id\":\"https:\/\/logisticalegal.com.do\/la-abogacia-una-lucha-de-pasiones-que-debe-respetar-la-etica-y-la-paz\/#breadcrumb\",\"itemListElement\":[{\"@type\":\"ListItem\",\"position\":1,\"name\":\"Portada\",\"item\":\"https:\/\/logisticalegal.com.do\/\"},{\"@type\":\"ListItem\",\"position\":2,\"name\":\"La Abogac\u00eda: Una Lucha de Pasiones que Debe Respetar la \u00c9tica y la Paz\"}]},{\"@type\":\"WebSite\",\"@id\":\"https:\/\/logisticalegal.com.do\/#website\",\"url\":\"https:\/\/logisticalegal.com.do\/\",\"name\":\"Logistica Legal\",\"description\":\"Abogados Estrat\u00e9gicos\",\"potentialAction\":[{\"@type\":\"SearchAction\",\"target\":{\"@type\":\"EntryPoint\",\"urlTemplate\":\"https:\/\/logisticalegal.com.do\/?s={search_term_string}\"},\"query-input\":\"required name=search_term_string\"}],\"inLanguage\":\"en-US\"},{\"@type\":\"Person\",\"@id\":\"https:\/\/logisticalegal.com.do\/#\/schema\/person\/1ac65028ae0bc6553a7fd72e9cad9ce2\",\"name\":\"Manuel Alejandro Bordas\u00a0Nina\",\"image\":{\"@type\":\"ImageObject\",\"inLanguage\":\"en-US\",\"@id\":\"https:\/\/logisticalegal.com.do\/#\/schema\/person\/image\/\",\"url\":\"http:\/\/logisticalegal.com.do\/wp-content\/uploads\/2024\/08\/cropped-avatar-96x96.jpg\",\"contentUrl\":\"http:\/\/logisticalegal.com.do\/wp-content\/uploads\/2024\/08\/cropped-avatar-96x96.jpg\",\"caption\":\"Manuel Alejandro Bordas\u00a0Nina\"},\"url\":\"https:\/\/logisticalegal.com.do\/en\/author\/logistica\/\"}]}<\/script>\n<!-- \/ Yoast SEO plugin. -->","yoast_head_json":{"title":"La Abogac\u00eda: Una Lucha de Pasiones que Debe Respetar la \u00c9tica y la Paz - Logistica Legal","robots":{"index":"index","follow":"follow","max-snippet":"max-snippet:-1","max-image-preview":"max-image-preview:large","max-video-preview":"max-video-preview:-1"},"canonical":"https:\/\/logisticalegal.com.do\/en\/la-abogacia-una-lucha-de-pasiones-que-debe-respetar-la-etica-y-la-paz\/","og_locale":"en_US","og_type":"article","og_title":"La Abogac\u00eda: Una Lucha de Pasiones que Debe Respetar la \u00c9tica y la Paz - Logistica Legal","og_description":"[\u2026]","og_url":"https:\/\/logisticalegal.com.do\/en\/la-abogacia-una-lucha-de-pasiones-que-debe-respetar-la-etica-y-la-paz\/","og_site_name":"Logistica Legal","article_published_time":"2024-07-21T14:37:48+00:00","article_modified_time":"2024-08-27T14:13:33+00:00","author":"Manuel Alejandro Bordas\u00a0Nina","twitter_card":"summary_large_image","twitter_misc":{"Written by":"Manuel Alejandro Bordas\u00a0Nina","Est. reading time":"3 minutes"},"schema":{"@context":"https:\/\/schema.org","@graph":[{"@type":"WebPage","@id":"https:\/\/logisticalegal.com.do\/la-abogacia-una-lucha-de-pasiones-que-debe-respetar-la-etica-y-la-paz\/","url":"https:\/\/logisticalegal.com.do\/la-abogacia-una-lucha-de-pasiones-que-debe-respetar-la-etica-y-la-paz\/","name":"La Abogac\u00eda: Una Lucha de Pasiones que Debe Respetar la \u00c9tica y la Paz - Logistica Legal","isPartOf":{"@id":"https:\/\/logisticalegal.com.do\/#website"},"primaryImageOfPage":{"@id":"https:\/\/logisticalegal.com.do\/la-abogacia-una-lucha-de-pasiones-que-debe-respetar-la-etica-y-la-paz\/#primaryimage"},"image":{"@id":"https:\/\/logisticalegal.com.do\/la-abogacia-una-lucha-de-pasiones-que-debe-respetar-la-etica-y-la-paz\/#primaryimage"},"thumbnailUrl":"https:\/\/logisticalegal.com.do\/wp-content\/uploads\/2024\/08\/photo-1423592707957-3b212afa6733.avif","datePublished":"2024-07-21T14:37:48+00:00","dateModified":"2024-08-27T14:13:33+00:00","author":{"@id":"https:\/\/logisticalegal.com.do\/#\/schema\/person\/1ac65028ae0bc6553a7fd72e9cad9ce2"},"breadcrumb":{"@id":"https:\/\/logisticalegal.com.do\/la-abogacia-una-lucha-de-pasiones-que-debe-respetar-la-etica-y-la-paz\/#breadcrumb"},"inLanguage":"en-US","potentialAction":[{"@type":"ReadAction","target":["https:\/\/logisticalegal.com.do\/la-abogacia-una-lucha-de-pasiones-que-debe-respetar-la-etica-y-la-paz\/"]}]},{"@type":"ImageObject","inLanguage":"en-US","@id":"https:\/\/logisticalegal.com.do\/la-abogacia-una-lucha-de-pasiones-que-debe-respetar-la-etica-y-la-paz\/#primaryimage","url":"https:\/\/logisticalegal.com.do\/wp-content\/uploads\/2024\/08\/photo-1423592707957-3b212afa6733.avif","contentUrl":"https:\/\/logisticalegal.com.do\/wp-content\/uploads\/2024\/08\/photo-1423592707957-3b212afa6733.avif","width":1932,"height":1087},{"@type":"BreadcrumbList","@id":"https:\/\/logisticalegal.com.do\/la-abogacia-una-lucha-de-pasiones-que-debe-respetar-la-etica-y-la-paz\/#breadcrumb","itemListElement":[{"@type":"ListItem","position":1,"name":"Portada","item":"https:\/\/logisticalegal.com.do\/"},{"@type":"ListItem","position":2,"name":"La Abogac\u00eda: Una Lucha de Pasiones que Debe Respetar la \u00c9tica y la Paz"}]},{"@type":"WebSite","@id":"https:\/\/logisticalegal.com.do\/#website","url":"https:\/\/logisticalegal.com.do\/","name":"Logistics Legal","description":"Abogados Estrat\u00e9gicos","potentialAction":[{"@type":"SearchAction","target":{"@type":"EntryPoint","urlTemplate":"https:\/\/logisticalegal.com.do\/?s={search_term_string}"},"query-input":"required name=search_term_string"}],"inLanguage":"en-US"},{"@type":"Person","@id":"https:\/\/logisticalegal.com.do\/#\/schema\/person\/1ac65028ae0bc6553a7fd72e9cad9ce2","name":"Manuel Alejandro Bordas\u00a0Nina","image":{"@type":"ImageObject","inLanguage":"en-US","@id":"https:\/\/logisticalegal.com.do\/#\/schema\/person\/image\/","url":"http:\/\/logisticalegal.com.do\/wp-content\/uploads\/2024\/08\/cropped-avatar-96x96.jpg","contentUrl":"http:\/\/logisticalegal.com.do\/wp-content\/uploads\/2024\/08\/cropped-avatar-96x96.jpg","caption":"Manuel Alejandro Bordas\u00a0Nina"},"url":"https:\/\/logisticalegal.com.do\/en\/author\/logistica\/"}]}},"_links":{"self":[{"href":"https:\/\/logisticalegal.com.do\/en\/wp-json\/wp\/v2\/posts\/250"}],"collection":[{"href":"https:\/\/logisticalegal.com.do\/en\/wp-json\/wp\/v2\/posts"}],"about":[{"href":"https:\/\/logisticalegal.com.do\/en\/wp-json\/wp\/v2\/types\/post"}],"author":[{"embeddable":true,"href":"https:\/\/logisticalegal.com.do\/en\/wp-json\/wp\/v2\/users\/2"}],"replies":[{"embeddable":true,"href":"https:\/\/logisticalegal.com.do\/en\/wp-json\/wp\/v2\/comments?post=250"}],"version-history":[{"count":3,"href":"https:\/\/logisticalegal.com.do\/en\/wp-json\/wp\/v2\/posts\/250\/revisions"}],"predecessor-version":[{"id":298,"href":"https:\/\/logisticalegal.com.do\/en\/wp-json\/wp\/v2\/posts\/250\/revisions\/298"}],"wp:featuredmedia":[{"embeddable":true,"href":"https:\/\/logisticalegal.com.do\/en\/wp-json\/wp\/v2\/media\/275"}],"wp:attachment":[{"href":"https:\/\/logisticalegal.com.do\/en\/wp-json\/wp\/v2\/media?parent=250"}],"wp:term":[{"taxonomy":"category","embeddable":true,"href":"https:\/\/logisticalegal.com.do\/en\/wp-json\/wp\/v2\/categories?post=250"},{"taxonomy":"post_tag","embeddable":true,"href":"https:\/\/logisticalegal.com.do\/en\/wp-json\/wp\/v2\/tags?post=250"}],"curies":[{"name":"wp","href":"https:\/\/api.w.org\/{rel}","templated":true}]}}