{"id":252,"date":"2024-07-19T10:55:52","date_gmt":"2024-07-19T14:55:52","guid":{"rendered":"https:\/\/logisticalegal.com.do\/?p=252"},"modified":"2024-08-27T10:13:50","modified_gmt":"2024-08-27T14:13:50","slug":"la-relevancia-de-la-competencia-academica-y-profesional-en-los-abogados","status":"publish","type":"post","link":"https:\/\/logisticalegal.com.do\/en\/la-relevancia-de-la-competencia-academica-y-profesional-en-los-abogados\/","title":{"rendered":"La Relevancia de la Competencia Acad\u00e9mica y Profesional en los abogados"},"content":{"rendered":"<p>Recientemente tuve el honor de participar en la 60\u00aa conferencia anual de la <em>Interamerican Bar Association<\/em> en la ciudad de Miami, no solo como expositor, sino tambi\u00e9n en diversas mesas de di\u00e1logo de dicho programa. Esta experiencia me permiti\u00f3 reflexionar sobre un tema importante para nuestra profesi\u00f3n: la competencia en el ejercicio del derecho.<\/p>\n<p>La sesi\u00f3n que m\u00e1s llam\u00f3 mi atenci\u00f3n y motiva el presente art\u00edculo fue aquella en la que participaron los colegios de abogados interamericanos. Es importante resaltar que la Rep\u00fablica Dominicana no tuvo representaci\u00f3n en dicha actividad, debido a la situaci\u00f3n que est\u00e1 atravesando nuestro colegio de abogados en estos momentos. Esta ausencia pone de manifiesto la necesidad urgente de fortalecer nuestras instituciones legales.<\/p>\n<p>Entre los temas discutidos en la conferencia, la necesidad de regular y validar las competencias de los abogados fue especialmente relevante. No solo basta con ser licenciado en derecho; cuando un abogado asume ciertos casos, debe contar con una experiencia previa y con acreditaciones acad\u00e9micas que certifiquen su nivel de pericia. La mera obtenci\u00f3n de un t\u00edtulo de licenciado en derecho, no garantiza la capacidad de manejar con \u00e9xito las complejidades legales que afectan profundamente a las personas.<\/p>\n<p>Los abogados generalmente trabajamos con cuestiones muy sensibles para los seres humanos, como su libertad y patrimonio, por mencionar algunas. Por un tema \u00e9tico, los abogados no pueden autopercibirse ni mercadearse como \u201c<em>sabelotodo<\/em>\u201d o \u201c<em>tod\u00f3logos<\/em>\u201d; es necesario que haya una especializaci\u00f3n. Esta especializaci\u00f3n asegura que cada abogado posea un conocimiento profundo y actualizado en su \u00e1rea de pr\u00e1ctica, lo cual es fundamental para proporcionar una representaci\u00f3n legal eficaz y \u00e9tica.<\/p>\n<p>En este contexto, se hace necesario contar con un registro que permita al ciudadano escoger a los abogados de acuerdo a sus necesidades y que se correlacione con su especialidad. Un registro de esta naturaleza proporcionar\u00eda transparencia y confianza en el sistema legal, permitiendo a las personas tomar decisiones informadas sobre qui\u00e9n los representar\u00e1. Adem\u00e1s, servir\u00eda como un incentivo para que los abogados se mantengan actualizados y contin\u00faen desarrollando sus habilidades.<\/p>\n<p>Esta es una oportunidad importante para que eventualmente nuestro colegio de abogados establezca un mecanismo de depuraci\u00f3n por materias, para validar a trav\u00e9s de un sistema cu\u00e1les son las competencias de cada abogado. Dicho mecanismo no solo beneficiar\u00eda a las personas, sino que tambi\u00e9n elevar\u00eda el prestigio y la credibilidad de la profesi\u00f3n legal en nuestro pa\u00eds.<\/p>\n<p>En conclusi\u00f3n, no solo basta con ser abogado, se debe ser competente. La formaci\u00f3n continua, la especializaci\u00f3n y la validaci\u00f3n de competencias son esenciales para garantizar que los abogados puedan desempe\u00f1ar su labor con la excelencia que los eventuales clientes necesitan. La implementaci\u00f3n de estas medidas contribuir\u00e1 a un sistema de justicia m\u00e1s justo y eficiente, donde la calidad de la representaci\u00f3n legal est\u00e9 asegurada.<\/p>","protected":false},"excerpt":{"rendered":"<p><span class=\"excerpt-hellip\"> [\u2026]<\/span><\/p>\n","protected":false},"author":2,"featured_media":276,"comment_status":"open","ping_status":"open","sticky":false,"template":"","format":"standard","meta":{"footnotes":""},"categories":[3,1],"tags":[],"yoast_head":"<!-- This site is optimized with the Yoast SEO plugin v23.1 - https:\/\/yoast.com\/wordpress\/plugins\/seo\/ -->\n<title>La Relevancia de la Competencia Acad\u00e9mica y Profesional en los abogados - Logistica Legal<\/title>\n<meta name=\"robots\" content=\"index, follow, max-snippet:-1, max-image-preview:large, max-video-preview:-1\" \/>\n<link rel=\"canonical\" href=\"https:\/\/logisticalegal.com.do\/en\/la-relevancia-de-la-competencia-academica-y-profesional-en-los-abogados\/\" \/>\n<meta property=\"og:locale\" content=\"en_US\" \/>\n<meta property=\"og:type\" content=\"article\" \/>\n<meta property=\"og:title\" content=\"La Relevancia de la Competencia Acad\u00e9mica y Profesional en los abogados - Logistica Legal\" \/>\n<meta property=\"og:description\" content=\"[\u2026]\" \/>\n<meta property=\"og:url\" content=\"https:\/\/logisticalegal.com.do\/en\/la-relevancia-de-la-competencia-academica-y-profesional-en-los-abogados\/\" \/>\n<meta property=\"og:site_name\" content=\"Logistica Legal\" \/>\n<meta property=\"article:published_time\" content=\"2024-07-19T14:55:52+00:00\" \/>\n<meta property=\"article:modified_time\" content=\"2024-08-27T14:13:50+00:00\" \/>\n<meta name=\"author\" content=\"Manuel Alejandro Bordas\u00a0Nina\" \/>\n<meta name=\"twitter:card\" content=\"summary_large_image\" \/>\n<meta name=\"twitter:label1\" content=\"Written by\" \/>\n\t<meta name=\"twitter:data1\" content=\"Manuel Alejandro Bordas\u00a0Nina\" \/>\n\t<meta name=\"twitter:label2\" content=\"Est. reading time\" \/>\n\t<meta name=\"twitter:data2\" content=\"3 minutes\" \/>\n<script type=\"application\/ld+json\" class=\"yoast-schema-graph\">{\"@context\":\"https:\/\/schema.org\",\"@graph\":[{\"@type\":\"WebPage\",\"@id\":\"https:\/\/logisticalegal.com.do\/la-relevancia-de-la-competencia-academica-y-profesional-en-los-abogados\/\",\"url\":\"https:\/\/logisticalegal.com.do\/la-relevancia-de-la-competencia-academica-y-profesional-en-los-abogados\/\",\"name\":\"La Relevancia de la Competencia Acad\u00e9mica y Profesional en los abogados - Logistica Legal\",\"isPartOf\":{\"@id\":\"https:\/\/logisticalegal.com.do\/#website\"},\"primaryImageOfPage\":{\"@id\":\"https:\/\/logisticalegal.com.do\/la-relevancia-de-la-competencia-academica-y-profesional-en-los-abogados\/#primaryimage\"},\"image\":{\"@id\":\"https:\/\/logisticalegal.com.do\/la-relevancia-de-la-competencia-academica-y-profesional-en-los-abogados\/#primaryimage\"},\"thumbnailUrl\":\"https:\/\/logisticalegal.com.do\/wp-content\/uploads\/2024\/08\/photo-1447023029226-ef8f6b52e3ea.avif\",\"datePublished\":\"2024-07-19T14:55:52+00:00\",\"dateModified\":\"2024-08-27T14:13:50+00:00\",\"author\":{\"@id\":\"https:\/\/logisticalegal.com.do\/#\/schema\/person\/1ac65028ae0bc6553a7fd72e9cad9ce2\"},\"breadcrumb\":{\"@id\":\"https:\/\/logisticalegal.com.do\/la-relevancia-de-la-competencia-academica-y-profesional-en-los-abogados\/#breadcrumb\"},\"inLanguage\":\"en-US\",\"potentialAction\":[{\"@type\":\"ReadAction\",\"target\":[\"https:\/\/logisticalegal.com.do\/la-relevancia-de-la-competencia-academica-y-profesional-en-los-abogados\/\"]}]},{\"@type\":\"ImageObject\",\"inLanguage\":\"en-US\",\"@id\":\"https:\/\/logisticalegal.com.do\/la-relevancia-de-la-competencia-academica-y-profesional-en-los-abogados\/#primaryimage\",\"url\":\"https:\/\/logisticalegal.com.do\/wp-content\/uploads\/2024\/08\/photo-1447023029226-ef8f6b52e3ea.avif\",\"contentUrl\":\"https:\/\/logisticalegal.com.do\/wp-content\/uploads\/2024\/08\/photo-1447023029226-ef8f6b52e3ea.avif\",\"width\":2071,\"height\":1380},{\"@type\":\"BreadcrumbList\",\"@id\":\"https:\/\/logisticalegal.com.do\/la-relevancia-de-la-competencia-academica-y-profesional-en-los-abogados\/#breadcrumb\",\"itemListElement\":[{\"@type\":\"ListItem\",\"position\":1,\"name\":\"Portada\",\"item\":\"https:\/\/logisticalegal.com.do\/\"},{\"@type\":\"ListItem\",\"position\":2,\"name\":\"La Relevancia de la Competencia Acad\u00e9mica y Profesional en los abogados\"}]},{\"@type\":\"WebSite\",\"@id\":\"https:\/\/logisticalegal.com.do\/#website\",\"url\":\"https:\/\/logisticalegal.com.do\/\",\"name\":\"Logistica Legal\",\"description\":\"Abogados Estrat\u00e9gicos\",\"potentialAction\":[{\"@type\":\"SearchAction\",\"target\":{\"@type\":\"EntryPoint\",\"urlTemplate\":\"https:\/\/logisticalegal.com.do\/?s={search_term_string}\"},\"query-input\":\"required name=search_term_string\"}],\"inLanguage\":\"en-US\"},{\"@type\":\"Person\",\"@id\":\"https:\/\/logisticalegal.com.do\/#\/schema\/person\/1ac65028ae0bc6553a7fd72e9cad9ce2\",\"name\":\"Manuel Alejandro Bordas\u00a0Nina\",\"image\":{\"@type\":\"ImageObject\",\"inLanguage\":\"en-US\",\"@id\":\"https:\/\/logisticalegal.com.do\/#\/schema\/person\/image\/\",\"url\":\"http:\/\/logisticalegal.com.do\/wp-content\/uploads\/2024\/08\/cropped-avatar-96x96.jpg\",\"contentUrl\":\"http:\/\/logisticalegal.com.do\/wp-content\/uploads\/2024\/08\/cropped-avatar-96x96.jpg\",\"caption\":\"Manuel Alejandro Bordas\u00a0Nina\"},\"url\":\"https:\/\/logisticalegal.com.do\/en\/author\/logistica\/\"}]}<\/script>\n<!-- \/ Yoast SEO plugin. -->","yoast_head_json":{"title":"La Relevancia de la Competencia Acad\u00e9mica y Profesional en los abogados - Logistica Legal","robots":{"index":"index","follow":"follow","max-snippet":"max-snippet:-1","max-image-preview":"max-image-preview:large","max-video-preview":"max-video-preview:-1"},"canonical":"https:\/\/logisticalegal.com.do\/en\/la-relevancia-de-la-competencia-academica-y-profesional-en-los-abogados\/","og_locale":"en_US","og_type":"article","og_title":"La Relevancia de la Competencia Acad\u00e9mica y Profesional en los abogados - Logistica Legal","og_description":"[\u2026]","og_url":"https:\/\/logisticalegal.com.do\/en\/la-relevancia-de-la-competencia-academica-y-profesional-en-los-abogados\/","og_site_name":"Logistica Legal","article_published_time":"2024-07-19T14:55:52+00:00","article_modified_time":"2024-08-27T14:13:50+00:00","author":"Manuel Alejandro Bordas\u00a0Nina","twitter_card":"summary_large_image","twitter_misc":{"Written by":"Manuel Alejandro Bordas\u00a0Nina","Est. reading time":"3 minutes"},"schema":{"@context":"https:\/\/schema.org","@graph":[{"@type":"WebPage","@id":"https:\/\/logisticalegal.com.do\/la-relevancia-de-la-competencia-academica-y-profesional-en-los-abogados\/","url":"https:\/\/logisticalegal.com.do\/la-relevancia-de-la-competencia-academica-y-profesional-en-los-abogados\/","name":"La Relevancia de la Competencia Acad\u00e9mica y Profesional en los abogados - Logistica Legal","isPartOf":{"@id":"https:\/\/logisticalegal.com.do\/#website"},"primaryImageOfPage":{"@id":"https:\/\/logisticalegal.com.do\/la-relevancia-de-la-competencia-academica-y-profesional-en-los-abogados\/#primaryimage"},"image":{"@id":"https:\/\/logisticalegal.com.do\/la-relevancia-de-la-competencia-academica-y-profesional-en-los-abogados\/#primaryimage"},"thumbnailUrl":"https:\/\/logisticalegal.com.do\/wp-content\/uploads\/2024\/08\/photo-1447023029226-ef8f6b52e3ea.avif","datePublished":"2024-07-19T14:55:52+00:00","dateModified":"2024-08-27T14:13:50+00:00","author":{"@id":"https:\/\/logisticalegal.com.do\/#\/schema\/person\/1ac65028ae0bc6553a7fd72e9cad9ce2"},"breadcrumb":{"@id":"https:\/\/logisticalegal.com.do\/la-relevancia-de-la-competencia-academica-y-profesional-en-los-abogados\/#breadcrumb"},"inLanguage":"en-US","potentialAction":[{"@type":"ReadAction","target":["https:\/\/logisticalegal.com.do\/la-relevancia-de-la-competencia-academica-y-profesional-en-los-abogados\/"]}]},{"@type":"ImageObject","inLanguage":"en-US","@id":"https:\/\/logisticalegal.com.do\/la-relevancia-de-la-competencia-academica-y-profesional-en-los-abogados\/#primaryimage","url":"https:\/\/logisticalegal.com.do\/wp-content\/uploads\/2024\/08\/photo-1447023029226-ef8f6b52e3ea.avif","contentUrl":"https:\/\/logisticalegal.com.do\/wp-content\/uploads\/2024\/08\/photo-1447023029226-ef8f6b52e3ea.avif","width":2071,"height":1380},{"@type":"BreadcrumbList","@id":"https:\/\/logisticalegal.com.do\/la-relevancia-de-la-competencia-academica-y-profesional-en-los-abogados\/#breadcrumb","itemListElement":[{"@type":"ListItem","position":1,"name":"Portada","item":"https:\/\/logisticalegal.com.do\/"},{"@type":"ListItem","position":2,"name":"La Relevancia de la Competencia Acad\u00e9mica y Profesional en los abogados"}]},{"@type":"WebSite","@id":"https:\/\/logisticalegal.com.do\/#website","url":"https:\/\/logisticalegal.com.do\/","name":"Logistics Legal","description":"Abogados Estrat\u00e9gicos","potentialAction":[{"@type":"SearchAction","target":{"@type":"EntryPoint","urlTemplate":"https:\/\/logisticalegal.com.do\/?s={search_term_string}"},"query-input":"required name=search_term_string"}],"inLanguage":"en-US"},{"@type":"Person","@id":"https:\/\/logisticalegal.com.do\/#\/schema\/person\/1ac65028ae0bc6553a7fd72e9cad9ce2","name":"Manuel Alejandro Bordas\u00a0Nina","image":{"@type":"ImageObject","inLanguage":"en-US","@id":"https:\/\/logisticalegal.com.do\/#\/schema\/person\/image\/","url":"http:\/\/logisticalegal.com.do\/wp-content\/uploads\/2024\/08\/cropped-avatar-96x96.jpg","contentUrl":"http:\/\/logisticalegal.com.do\/wp-content\/uploads\/2024\/08\/cropped-avatar-96x96.jpg","caption":"Manuel Alejandro Bordas\u00a0Nina"},"url":"https:\/\/logisticalegal.com.do\/en\/author\/logistica\/"}]}},"_links":{"self":[{"href":"https:\/\/logisticalegal.com.do\/en\/wp-json\/wp\/v2\/posts\/252"}],"collection":[{"href":"https:\/\/logisticalegal.com.do\/en\/wp-json\/wp\/v2\/posts"}],"about":[{"href":"https:\/\/logisticalegal.com.do\/en\/wp-json\/wp\/v2\/types\/post"}],"author":[{"embeddable":true,"href":"https:\/\/logisticalegal.com.do\/en\/wp-json\/wp\/v2\/users\/2"}],"replies":[{"embeddable":true,"href":"https:\/\/logisticalegal.com.do\/en\/wp-json\/wp\/v2\/comments?post=252"}],"version-history":[{"count":3,"href":"https:\/\/logisticalegal.com.do\/en\/wp-json\/wp\/v2\/posts\/252\/revisions"}],"predecessor-version":[{"id":299,"href":"https:\/\/logisticalegal.com.do\/en\/wp-json\/wp\/v2\/posts\/252\/revisions\/299"}],"wp:featuredmedia":[{"embeddable":true,"href":"https:\/\/logisticalegal.com.do\/en\/wp-json\/wp\/v2\/media\/276"}],"wp:attachment":[{"href":"https:\/\/logisticalegal.com.do\/en\/wp-json\/wp\/v2\/media?parent=252"}],"wp:term":[{"taxonomy":"category","embeddable":true,"href":"https:\/\/logisticalegal.com.do\/en\/wp-json\/wp\/v2\/categories?post=252"},{"taxonomy":"post_tag","embeddable":true,"href":"https:\/\/logisticalegal.com.do\/en\/wp-json\/wp\/v2\/tags?post=252"}],"curies":[{"name":"wp","href":"https:\/\/api.w.org\/{rel}","templated":true}]}}