{"id":260,"date":"2024-08-21T11:40:04","date_gmt":"2024-08-21T15:40:04","guid":{"rendered":"https:\/\/logisticalegal.com.do\/?p=260"},"modified":"2024-08-27T10:40:43","modified_gmt":"2024-08-27T14:40:43","slug":"ii-congreso-de-derecho-contemporaneo-cderc","status":"publish","type":"post","link":"https:\/\/logisticalegal.com.do\/en\/ii-congreso-de-derecho-contemporaneo-cderc\/","title":{"rendered":"II Congreso de Derecho Contempor\u00e1neo (CDERC)"},"content":{"rendered":"<p>Nos complace informarles que nuestra firma, Log\u00edstica Legal &#8211; Abogados Estrat\u00e9gicos, es socia patrocinadora del II Congreso de Derecho Contempor\u00e1neo (CDERC), que se celebrar\u00e1 los d\u00edas 29 y 30 de agosto de 2024 en el Hotel InterContinental Santo Domingo, bajo la coordinaci\u00f3n del Instituto OMG (IOMG).<\/p>\n<p>Esta segunda edici\u00f3n busca resaltar el papel fundamental de los abogados en la creaci\u00f3n y desarrollo exitoso de negocios. El congreso contar\u00e1 con dos conferencias magistrales y seis paneles relativos al amplio mundo de los negocios, con una perspectiva legal: justicia, alianzas p\u00fablico-privadas, mercado de valores, planificaci\u00f3n patrimonial, gobierno corporativo, garant\u00edas mobiliarias, third-party funding y nuevas tecnolog\u00edas.<\/p>","protected":false},"excerpt":{"rendered":"<p><span class=\"excerpt-hellip\"> [\u2026]<\/span><\/p>\n","protected":false},"author":3,"featured_media":303,"comment_status":"open","ping_status":"open","sticky":false,"template":"","format":"standard","meta":{"footnotes":""},"categories":[4],"tags":[],"yoast_head":"<!-- This site is optimized with the Yoast SEO plugin v23.1 - https:\/\/yoast.com\/wordpress\/plugins\/seo\/ -->\n<title>II Congreso de Derecho Contempor\u00e1neo (CDERC) - Logistica Legal<\/title>\n<meta name=\"robots\" content=\"index, follow, max-snippet:-1, max-image-preview:large, max-video-preview:-1\" \/>\n<link rel=\"canonical\" href=\"https:\/\/logisticalegal.com.do\/en\/ii-congreso-de-derecho-contemporaneo-cderc\/\" \/>\n<meta property=\"og:locale\" content=\"en_US\" \/>\n<meta property=\"og:type\" content=\"article\" \/>\n<meta property=\"og:title\" content=\"II Congreso de Derecho Contempor\u00e1neo (CDERC) - Logistica Legal\" \/>\n<meta property=\"og:description\" content=\"[\u2026]\" \/>\n<meta property=\"og:url\" content=\"https:\/\/logisticalegal.com.do\/en\/ii-congreso-de-derecho-contemporaneo-cderc\/\" \/>\n<meta property=\"og:site_name\" content=\"Logistica Legal\" \/>\n<meta property=\"article:published_time\" content=\"2024-08-21T15:40:04+00:00\" \/>\n<meta property=\"article:modified_time\" content=\"2024-08-27T14:40:43+00:00\" \/>\n<meta property=\"og:image\" content=\"https:\/\/logisticalegal.com.do\/wp-content\/uploads\/2024\/08\/1724251524818-1-e1724769626631.jpg\" \/>\n\t<meta property=\"og:image:width\" content=\"1536\" \/>\n\t<meta property=\"og:image:height\" content=\"1103\" \/>\n\t<meta property=\"og:image:type\" content=\"image\/jpeg\" \/>\n<meta name=\"author\" content=\"Logistica Legal\" \/>\n<meta name=\"twitter:card\" content=\"summary_large_image\" \/>\n<meta name=\"twitter:label1\" content=\"Written by\" \/>\n\t<meta name=\"twitter:data1\" content=\"Logistica Legal\" \/>\n\t<meta name=\"twitter:label2\" content=\"Est. reading time\" \/>\n\t<meta name=\"twitter:data2\" content=\"1 minute\" \/>\n<script type=\"application\/ld+json\" class=\"yoast-schema-graph\">{\"@context\":\"https:\/\/schema.org\",\"@graph\":[{\"@type\":\"WebPage\",\"@id\":\"https:\/\/logisticalegal.com.do\/ii-congreso-de-derecho-contemporaneo-cderc\/\",\"url\":\"https:\/\/logisticalegal.com.do\/ii-congreso-de-derecho-contemporaneo-cderc\/\",\"name\":\"II Congreso de Derecho Contempor\u00e1neo (CDERC) - Logistica Legal\",\"isPartOf\":{\"@id\":\"https:\/\/logisticalegal.com.do\/#website\"},\"primaryImageOfPage\":{\"@id\":\"https:\/\/logisticalegal.com.do\/ii-congreso-de-derecho-contemporaneo-cderc\/#primaryimage\"},\"image\":{\"@id\":\"https:\/\/logisticalegal.com.do\/ii-congreso-de-derecho-contemporaneo-cderc\/#primaryimage\"},\"thumbnailUrl\":\"https:\/\/logisticalegal.com.do\/wp-content\/uploads\/2024\/08\/1724251524818-1-e1724769626631.jpg\",\"datePublished\":\"2024-08-21T15:40:04+00:00\",\"dateModified\":\"2024-08-27T14:40:43+00:00\",\"author\":{\"@id\":\"https:\/\/logisticalegal.com.do\/#\/schema\/person\/dcff45dd99a9c353ce7a0140a6e05239\"},\"breadcrumb\":{\"@id\":\"https:\/\/logisticalegal.com.do\/ii-congreso-de-derecho-contemporaneo-cderc\/#breadcrumb\"},\"inLanguage\":\"en-US\",\"potentialAction\":[{\"@type\":\"ReadAction\",\"target\":[\"https:\/\/logisticalegal.com.do\/ii-congreso-de-derecho-contemporaneo-cderc\/\"]}]},{\"@type\":\"ImageObject\",\"inLanguage\":\"en-US\",\"@id\":\"https:\/\/logisticalegal.com.do\/ii-congreso-de-derecho-contemporaneo-cderc\/#primaryimage\",\"url\":\"https:\/\/logisticalegal.com.do\/wp-content\/uploads\/2024\/08\/1724251524818-1-e1724769626631.jpg\",\"contentUrl\":\"https:\/\/logisticalegal.com.do\/wp-content\/uploads\/2024\/08\/1724251524818-1-e1724769626631.jpg\",\"width\":1536,\"height\":1103},{\"@type\":\"BreadcrumbList\",\"@id\":\"https:\/\/logisticalegal.com.do\/ii-congreso-de-derecho-contemporaneo-cderc\/#breadcrumb\",\"itemListElement\":[{\"@type\":\"ListItem\",\"position\":1,\"name\":\"Portada\",\"item\":\"https:\/\/logisticalegal.com.do\/\"},{\"@type\":\"ListItem\",\"position\":2,\"name\":\"II Congreso de Derecho Contempor\u00e1neo (CDERC)\"}]},{\"@type\":\"WebSite\",\"@id\":\"https:\/\/logisticalegal.com.do\/#website\",\"url\":\"https:\/\/logisticalegal.com.do\/\",\"name\":\"Logistica Legal\",\"description\":\"Abogados Estrat\u00e9gicos\",\"potentialAction\":[{\"@type\":\"SearchAction\",\"target\":{\"@type\":\"EntryPoint\",\"urlTemplate\":\"https:\/\/logisticalegal.com.do\/?s={search_term_string}\"},\"query-input\":\"required name=search_term_string\"}],\"inLanguage\":\"en-US\"},{\"@type\":\"Person\",\"@id\":\"https:\/\/logisticalegal.com.do\/#\/schema\/person\/dcff45dd99a9c353ce7a0140a6e05239\",\"name\":\"Logistica Legal\",\"image\":{\"@type\":\"ImageObject\",\"inLanguage\":\"en-US\",\"@id\":\"https:\/\/logisticalegal.com.do\/#\/schema\/person\/image\/\",\"url\":\"http:\/\/logisticalegal.com.do\/wp-content\/uploads\/2024\/07\/cropped-favicon-96x96.png\",\"contentUrl\":\"http:\/\/logisticalegal.com.do\/wp-content\/uploads\/2024\/07\/cropped-favicon-96x96.png\",\"caption\":\"Logistica Legal\"},\"url\":\"https:\/\/logisticalegal.com.do\/en\/author\/logisticalegal\/\"}]}<\/script>\n<!-- \/ Yoast SEO plugin. -->","yoast_head_json":{"title":"II Congreso de Derecho Contempor\u00e1neo (CDERC) - Logistica Legal","robots":{"index":"index","follow":"follow","max-snippet":"max-snippet:-1","max-image-preview":"max-image-preview:large","max-video-preview":"max-video-preview:-1"},"canonical":"https:\/\/logisticalegal.com.do\/en\/ii-congreso-de-derecho-contemporaneo-cderc\/","og_locale":"en_US","og_type":"article","og_title":"II Congreso de Derecho Contempor\u00e1neo (CDERC) - Logistica Legal","og_description":"[\u2026]","og_url":"https:\/\/logisticalegal.com.do\/en\/ii-congreso-de-derecho-contemporaneo-cderc\/","og_site_name":"Logistica Legal","article_published_time":"2024-08-21T15:40:04+00:00","article_modified_time":"2024-08-27T14:40:43+00:00","og_image":[{"width":1536,"height":1103,"url":"https:\/\/logisticalegal.com.do\/wp-content\/uploads\/2024\/08\/1724251524818-1-e1724769626631.jpg","type":"image\/jpeg"}],"author":"Logistica Legal","twitter_card":"summary_large_image","twitter_misc":{"Written by":"Logistica Legal","Est. reading time":"1 minute"},"schema":{"@context":"https:\/\/schema.org","@graph":[{"@type":"WebPage","@id":"https:\/\/logisticalegal.com.do\/ii-congreso-de-derecho-contemporaneo-cderc\/","url":"https:\/\/logisticalegal.com.do\/ii-congreso-de-derecho-contemporaneo-cderc\/","name":"II Congreso de Derecho Contempor\u00e1neo (CDERC) - Logistica Legal","isPartOf":{"@id":"https:\/\/logisticalegal.com.do\/#website"},"primaryImageOfPage":{"@id":"https:\/\/logisticalegal.com.do\/ii-congreso-de-derecho-contemporaneo-cderc\/#primaryimage"},"image":{"@id":"https:\/\/logisticalegal.com.do\/ii-congreso-de-derecho-contemporaneo-cderc\/#primaryimage"},"thumbnailUrl":"https:\/\/logisticalegal.com.do\/wp-content\/uploads\/2024\/08\/1724251524818-1-e1724769626631.jpg","datePublished":"2024-08-21T15:40:04+00:00","dateModified":"2024-08-27T14:40:43+00:00","author":{"@id":"https:\/\/logisticalegal.com.do\/#\/schema\/person\/dcff45dd99a9c353ce7a0140a6e05239"},"breadcrumb":{"@id":"https:\/\/logisticalegal.com.do\/ii-congreso-de-derecho-contemporaneo-cderc\/#breadcrumb"},"inLanguage":"en-US","potentialAction":[{"@type":"ReadAction","target":["https:\/\/logisticalegal.com.do\/ii-congreso-de-derecho-contemporaneo-cderc\/"]}]},{"@type":"ImageObject","inLanguage":"en-US","@id":"https:\/\/logisticalegal.com.do\/ii-congreso-de-derecho-contemporaneo-cderc\/#primaryimage","url":"https:\/\/logisticalegal.com.do\/wp-content\/uploads\/2024\/08\/1724251524818-1-e1724769626631.jpg","contentUrl":"https:\/\/logisticalegal.com.do\/wp-content\/uploads\/2024\/08\/1724251524818-1-e1724769626631.jpg","width":1536,"height":1103},{"@type":"BreadcrumbList","@id":"https:\/\/logisticalegal.com.do\/ii-congreso-de-derecho-contemporaneo-cderc\/#breadcrumb","itemListElement":[{"@type":"ListItem","position":1,"name":"Portada","item":"https:\/\/logisticalegal.com.do\/"},{"@type":"ListItem","position":2,"name":"II Congreso de Derecho Contempor\u00e1neo (CDERC)"}]},{"@type":"WebSite","@id":"https:\/\/logisticalegal.com.do\/#website","url":"https:\/\/logisticalegal.com.do\/","name":"Logistics Legal","description":"Abogados Estrat\u00e9gicos","potentialAction":[{"@type":"SearchAction","target":{"@type":"EntryPoint","urlTemplate":"https:\/\/logisticalegal.com.do\/?s={search_term_string}"},"query-input":"required name=search_term_string"}],"inLanguage":"en-US"},{"@type":"Person","@id":"https:\/\/logisticalegal.com.do\/#\/schema\/person\/dcff45dd99a9c353ce7a0140a6e05239","name":"Logistics Legal","image":{"@type":"ImageObject","inLanguage":"en-US","@id":"https:\/\/logisticalegal.com.do\/#\/schema\/person\/image\/","url":"http:\/\/logisticalegal.com.do\/wp-content\/uploads\/2024\/07\/cropped-favicon-96x96.png","contentUrl":"http:\/\/logisticalegal.com.do\/wp-content\/uploads\/2024\/07\/cropped-favicon-96x96.png","caption":"Logistica Legal"},"url":"https:\/\/logisticalegal.com.do\/en\/author\/logisticalegal\/"}]}},"_links":{"self":[{"href":"https:\/\/logisticalegal.com.do\/en\/wp-json\/wp\/v2\/posts\/260"}],"collection":[{"href":"https:\/\/logisticalegal.com.do\/en\/wp-json\/wp\/v2\/posts"}],"about":[{"href":"https:\/\/logisticalegal.com.do\/en\/wp-json\/wp\/v2\/types\/post"}],"author":[{"embeddable":true,"href":"https:\/\/logisticalegal.com.do\/en\/wp-json\/wp\/v2\/users\/3"}],"replies":[{"embeddable":true,"href":"https:\/\/logisticalegal.com.do\/en\/wp-json\/wp\/v2\/comments?post=260"}],"version-history":[{"count":5,"href":"https:\/\/logisticalegal.com.do\/en\/wp-json\/wp\/v2\/posts\/260\/revisions"}],"predecessor-version":[{"id":295,"href":"https:\/\/logisticalegal.com.do\/en\/wp-json\/wp\/v2\/posts\/260\/revisions\/295"}],"wp:featuredmedia":[{"embeddable":true,"href":"https:\/\/logisticalegal.com.do\/en\/wp-json\/wp\/v2\/media\/303"}],"wp:attachment":[{"href":"https:\/\/logisticalegal.com.do\/en\/wp-json\/wp\/v2\/media?parent=260"}],"wp:term":[{"taxonomy":"category","embeddable":true,"href":"https:\/\/logisticalegal.com.do\/en\/wp-json\/wp\/v2\/categories?post=260"},{"taxonomy":"post_tag","embeddable":true,"href":"https:\/\/logisticalegal.com.do\/en\/wp-json\/wp\/v2\/tags?post=260"}],"curies":[{"name":"wp","href":"https:\/\/api.w.org\/{rel}","templated":true}]}}