{"id":265,"date":"2024-06-17T12:18:48","date_gmt":"2024-06-17T16:18:48","guid":{"rendered":"https:\/\/logisticalegal.com.do\/?p=265"},"modified":"2024-08-27T10:26:11","modified_gmt":"2024-08-27T14:26:11","slug":"265-2","status":"publish","type":"post","link":"https:\/\/logisticalegal.com.do\/en\/265-2\/","title":{"rendered":"Entrevista realizada a nuestro socio director, Manuel Alejandro Bordas Nina, para la Revista Contacto"},"content":{"rendered":"<p>Nos complace compartir la entrevista realizada a nuestro socio director, Manuel Alejandro Bordas Nina, para la Revista Contacto. En esta conversaci\u00f3n, Manuel Alejandro aborda los casos m\u00e1s recientes y destacados de nuestra firma, adem\u00e1s de subrayar su compromiso con la innovaci\u00f3n, el acceso a la tecnolog\u00eda y las formas modernas de trabajar.<\/p>\n<p>La entrevista tambi\u00e9n destaca la visi\u00f3n del Lcdo. Bordas sobre los desaf\u00edos del mercado legal dominicano y las importantes asistencias pro-bono que ofrece Log\u00edstica Legal.<\/p>\n<p>\u201cDespu\u00e9s del personal multidisciplinario cualificado en nuestras \u00e1reas de pr\u00e1ctica, lo m\u00e1s importante para nuestra firma es contar con equipos tecnol\u00f3gicos de vanguardia. Esto nos permite optimizar procesos y mantener la eficiencia. Nos enfocamos diariamente en tener el mejor hardware y software, desde computadoras, impresoras y esc\u00e1neres de alta calidad, hasta sistemas avanzados de gesti\u00f3n documental y asistentes digitales para revisi\u00f3n ortogr\u00e1fica. Para nuestra firma, el uso de la tecnolog\u00eda es indispensable. Adem\u00e1s, estamos abiertos a adoptar nuevas tecnolog\u00edas, como la inteligencia artificial, que pueden mejorar significativamente la calidad del trabajo legal, optimizar la organizaci\u00f3n corporativa y proporcionar una serie de beneficios adicionales\u201d, destac\u00f3 el Lcdo. Manuel Bordas.<\/p>\n<p>Manuel Bordas considera que uno de los mayores retos para ejercer como abogado en la Rep\u00fablica Dominicana es la falta de personal cualificado, la insuficiente formaci\u00f3n de los actores del sector y la ausencia de tecnolog\u00eda de vanguardia en las principales instituciones, fiscal\u00edas y tribunales. Esta situaci\u00f3n genera una falta real de seguridad jur\u00eddica. La demora en la prestaci\u00f3n de servicios y la emisi\u00f3n de decisiones, as\u00ed como la calidad de ambos, dificultan enormemente el ejercicio de lo que muchos consideran \u201cel buen derecho\u201d.<\/p>\n<p><a href=\"https:\/\/logisticalegal.com.do\/wp-content\/uploads\/2024\/08\/REVISTA-CONTACTO-JUNIO-2024.pdf\">REVISTA CONTACTO JUNIO 2024<\/a><\/p>","protected":false},"excerpt":{"rendered":"<p><span class=\"excerpt-hellip\"> [\u2026]<\/span><\/p>\n","protected":false},"author":3,"featured_media":302,"comment_status":"open","ping_status":"open","sticky":false,"template":"","format":"standard","meta":{"footnotes":""},"categories":[3],"tags":[],"yoast_head":"<!-- This site is optimized with the Yoast SEO plugin v23.1 - https:\/\/yoast.com\/wordpress\/plugins\/seo\/ -->\n<title>Entrevista realizada a nuestro socio director, Manuel Alejandro Bordas Nina, para la Revista Contacto - Logistica Legal<\/title>\n<meta name=\"robots\" content=\"index, follow, max-snippet:-1, max-image-preview:large, max-video-preview:-1\" \/>\n<link rel=\"canonical\" href=\"https:\/\/logisticalegal.com.do\/en\/265-2\/\" \/>\n<meta property=\"og:locale\" content=\"en_US\" \/>\n<meta property=\"og:type\" content=\"article\" \/>\n<meta property=\"og:title\" content=\"Entrevista realizada a nuestro socio director, Manuel Alejandro Bordas Nina, para la Revista Contacto - Logistica Legal\" \/>\n<meta property=\"og:description\" content=\"[\u2026]\" \/>\n<meta property=\"og:url\" content=\"https:\/\/logisticalegal.com.do\/en\/265-2\/\" \/>\n<meta property=\"og:site_name\" content=\"Logistica Legal\" \/>\n<meta property=\"article:published_time\" content=\"2024-06-17T16:18:48+00:00\" \/>\n<meta property=\"article:modified_time\" content=\"2024-08-27T14:26:11+00:00\" \/>\n<meta property=\"og:image\" content=\"https:\/\/logisticalegal.com.do\/wp-content\/uploads\/2024\/06\/304904798_532098438804307_7420544353411021229_n-2.png\" \/>\n\t<meta property=\"og:image:width\" content=\"700\" \/>\n\t<meta property=\"og:image:height\" content=\"700\" \/>\n\t<meta property=\"og:image:type\" content=\"image\/png\" \/>\n<meta name=\"author\" content=\"Logistica Legal\" \/>\n<meta name=\"twitter:card\" content=\"summary_large_image\" \/>\n<meta name=\"twitter:label1\" content=\"Written by\" \/>\n\t<meta name=\"twitter:data1\" content=\"Logistica Legal\" \/>\n\t<meta name=\"twitter:label2\" content=\"Est. reading time\" \/>\n\t<meta name=\"twitter:data2\" content=\"2 minutes\" \/>\n<script type=\"application\/ld+json\" class=\"yoast-schema-graph\">{\"@context\":\"https:\/\/schema.org\",\"@graph\":[{\"@type\":\"WebPage\",\"@id\":\"https:\/\/logisticalegal.com.do\/265-2\/\",\"url\":\"https:\/\/logisticalegal.com.do\/265-2\/\",\"name\":\"Entrevista realizada a nuestro socio director, Manuel Alejandro Bordas Nina, para la Revista Contacto - Logistica Legal\",\"isPartOf\":{\"@id\":\"https:\/\/logisticalegal.com.do\/#website\"},\"primaryImageOfPage\":{\"@id\":\"https:\/\/logisticalegal.com.do\/265-2\/#primaryimage\"},\"image\":{\"@id\":\"https:\/\/logisticalegal.com.do\/265-2\/#primaryimage\"},\"thumbnailUrl\":\"https:\/\/logisticalegal.com.do\/wp-content\/uploads\/2024\/06\/304904798_532098438804307_7420544353411021229_n-2-e1724768819468.png\",\"datePublished\":\"2024-06-17T16:18:48+00:00\",\"dateModified\":\"2024-08-27T14:26:11+00:00\",\"author\":{\"@id\":\"https:\/\/logisticalegal.com.do\/#\/schema\/person\/dcff45dd99a9c353ce7a0140a6e05239\"},\"breadcrumb\":{\"@id\":\"https:\/\/logisticalegal.com.do\/265-2\/#breadcrumb\"},\"inLanguage\":\"en-US\",\"potentialAction\":[{\"@type\":\"ReadAction\",\"target\":[\"https:\/\/logisticalegal.com.do\/265-2\/\"]}]},{\"@type\":\"ImageObject\",\"inLanguage\":\"en-US\",\"@id\":\"https:\/\/logisticalegal.com.do\/265-2\/#primaryimage\",\"url\":\"https:\/\/logisticalegal.com.do\/wp-content\/uploads\/2024\/06\/304904798_532098438804307_7420544353411021229_n-2-e1724768819468.png\",\"contentUrl\":\"https:\/\/logisticalegal.com.do\/wp-content\/uploads\/2024\/06\/304904798_532098438804307_7420544353411021229_n-2-e1724768819468.png\",\"width\":697,\"height\":533},{\"@type\":\"BreadcrumbList\",\"@id\":\"https:\/\/logisticalegal.com.do\/265-2\/#breadcrumb\",\"itemListElement\":[{\"@type\":\"ListItem\",\"position\":1,\"name\":\"Portada\",\"item\":\"https:\/\/logisticalegal.com.do\/\"},{\"@type\":\"ListItem\",\"position\":2,\"name\":\"Entrevista realizada a nuestro socio director, Manuel Alejandro Bordas Nina, para la Revista Contacto\"}]},{\"@type\":\"WebSite\",\"@id\":\"https:\/\/logisticalegal.com.do\/#website\",\"url\":\"https:\/\/logisticalegal.com.do\/\",\"name\":\"Logistica Legal\",\"description\":\"Abogados Estrat\u00e9gicos\",\"potentialAction\":[{\"@type\":\"SearchAction\",\"target\":{\"@type\":\"EntryPoint\",\"urlTemplate\":\"https:\/\/logisticalegal.com.do\/?s={search_term_string}\"},\"query-input\":\"required name=search_term_string\"}],\"inLanguage\":\"en-US\"},{\"@type\":\"Person\",\"@id\":\"https:\/\/logisticalegal.com.do\/#\/schema\/person\/dcff45dd99a9c353ce7a0140a6e05239\",\"name\":\"Logistica Legal\",\"image\":{\"@type\":\"ImageObject\",\"inLanguage\":\"en-US\",\"@id\":\"https:\/\/logisticalegal.com.do\/#\/schema\/person\/image\/\",\"url\":\"http:\/\/logisticalegal.com.do\/wp-content\/uploads\/2024\/07\/cropped-favicon-96x96.png\",\"contentUrl\":\"http:\/\/logisticalegal.com.do\/wp-content\/uploads\/2024\/07\/cropped-favicon-96x96.png\",\"caption\":\"Logistica Legal\"},\"url\":\"https:\/\/logisticalegal.com.do\/en\/author\/logisticalegal\/\"}]}<\/script>\n<!-- \/ Yoast SEO plugin. -->","yoast_head_json":{"title":"Entrevista realizada a nuestro socio director, Manuel Alejandro Bordas Nina, para la Revista Contacto - Logistica Legal","robots":{"index":"index","follow":"follow","max-snippet":"max-snippet:-1","max-image-preview":"max-image-preview:large","max-video-preview":"max-video-preview:-1"},"canonical":"https:\/\/logisticalegal.com.do\/en\/265-2\/","og_locale":"en_US","og_type":"article","og_title":"Entrevista realizada a nuestro socio director, Manuel Alejandro Bordas Nina, para la Revista Contacto - Logistica Legal","og_description":"[\u2026]","og_url":"https:\/\/logisticalegal.com.do\/en\/265-2\/","og_site_name":"Logistica Legal","article_published_time":"2024-06-17T16:18:48+00:00","article_modified_time":"2024-08-27T14:26:11+00:00","og_image":[{"width":700,"height":700,"url":"https:\/\/logisticalegal.com.do\/wp-content\/uploads\/2024\/06\/304904798_532098438804307_7420544353411021229_n-2.png","type":"image\/png"}],"author":"Logistica Legal","twitter_card":"summary_large_image","twitter_misc":{"Written by":"Logistica Legal","Est. reading time":"2 minutes"},"schema":{"@context":"https:\/\/schema.org","@graph":[{"@type":"WebPage","@id":"https:\/\/logisticalegal.com.do\/265-2\/","url":"https:\/\/logisticalegal.com.do\/265-2\/","name":"Entrevista realizada a nuestro socio director, Manuel Alejandro Bordas Nina, para la Revista Contacto - Logistica Legal","isPartOf":{"@id":"https:\/\/logisticalegal.com.do\/#website"},"primaryImageOfPage":{"@id":"https:\/\/logisticalegal.com.do\/265-2\/#primaryimage"},"image":{"@id":"https:\/\/logisticalegal.com.do\/265-2\/#primaryimage"},"thumbnailUrl":"https:\/\/logisticalegal.com.do\/wp-content\/uploads\/2024\/06\/304904798_532098438804307_7420544353411021229_n-2-e1724768819468.png","datePublished":"2024-06-17T16:18:48+00:00","dateModified":"2024-08-27T14:26:11+00:00","author":{"@id":"https:\/\/logisticalegal.com.do\/#\/schema\/person\/dcff45dd99a9c353ce7a0140a6e05239"},"breadcrumb":{"@id":"https:\/\/logisticalegal.com.do\/265-2\/#breadcrumb"},"inLanguage":"en-US","potentialAction":[{"@type":"ReadAction","target":["https:\/\/logisticalegal.com.do\/265-2\/"]}]},{"@type":"ImageObject","inLanguage":"en-US","@id":"https:\/\/logisticalegal.com.do\/265-2\/#primaryimage","url":"https:\/\/logisticalegal.com.do\/wp-content\/uploads\/2024\/06\/304904798_532098438804307_7420544353411021229_n-2-e1724768819468.png","contentUrl":"https:\/\/logisticalegal.com.do\/wp-content\/uploads\/2024\/06\/304904798_532098438804307_7420544353411021229_n-2-e1724768819468.png","width":697,"height":533},{"@type":"BreadcrumbList","@id":"https:\/\/logisticalegal.com.do\/265-2\/#breadcrumb","itemListElement":[{"@type":"ListItem","position":1,"name":"Portada","item":"https:\/\/logisticalegal.com.do\/"},{"@type":"ListItem","position":2,"name":"Entrevista realizada a nuestro socio director, Manuel Alejandro Bordas Nina, para la Revista Contacto"}]},{"@type":"WebSite","@id":"https:\/\/logisticalegal.com.do\/#website","url":"https:\/\/logisticalegal.com.do\/","name":"Logistics Legal","description":"Abogados Estrat\u00e9gicos","potentialAction":[{"@type":"SearchAction","target":{"@type":"EntryPoint","urlTemplate":"https:\/\/logisticalegal.com.do\/?s={search_term_string}"},"query-input":"required name=search_term_string"}],"inLanguage":"en-US"},{"@type":"Person","@id":"https:\/\/logisticalegal.com.do\/#\/schema\/person\/dcff45dd99a9c353ce7a0140a6e05239","name":"Logistics Legal","image":{"@type":"ImageObject","inLanguage":"en-US","@id":"https:\/\/logisticalegal.com.do\/#\/schema\/person\/image\/","url":"http:\/\/logisticalegal.com.do\/wp-content\/uploads\/2024\/07\/cropped-favicon-96x96.png","contentUrl":"http:\/\/logisticalegal.com.do\/wp-content\/uploads\/2024\/07\/cropped-favicon-96x96.png","caption":"Logistica Legal"},"url":"https:\/\/logisticalegal.com.do\/en\/author\/logisticalegal\/"}]}},"_links":{"self":[{"href":"https:\/\/logisticalegal.com.do\/en\/wp-json\/wp\/v2\/posts\/265"}],"collection":[{"href":"https:\/\/logisticalegal.com.do\/en\/wp-json\/wp\/v2\/posts"}],"about":[{"href":"https:\/\/logisticalegal.com.do\/en\/wp-json\/wp\/v2\/types\/post"}],"author":[{"embeddable":true,"href":"https:\/\/logisticalegal.com.do\/en\/wp-json\/wp\/v2\/users\/3"}],"replies":[{"embeddable":true,"href":"https:\/\/logisticalegal.com.do\/en\/wp-json\/wp\/v2\/comments?post=265"}],"version-history":[{"count":2,"href":"https:\/\/logisticalegal.com.do\/en\/wp-json\/wp\/v2\/posts\/265\/revisions"}],"predecessor-version":[{"id":269,"href":"https:\/\/logisticalegal.com.do\/en\/wp-json\/wp\/v2\/posts\/265\/revisions\/269"}],"wp:featuredmedia":[{"embeddable":true,"href":"https:\/\/logisticalegal.com.do\/en\/wp-json\/wp\/v2\/media\/302"}],"wp:attachment":[{"href":"https:\/\/logisticalegal.com.do\/en\/wp-json\/wp\/v2\/media?parent=265"}],"wp:term":[{"taxonomy":"category","embeddable":true,"href":"https:\/\/logisticalegal.com.do\/en\/wp-json\/wp\/v2\/categories?post=265"},{"taxonomy":"post_tag","embeddable":true,"href":"https:\/\/logisticalegal.com.do\/en\/wp-json\/wp\/v2\/tags?post=265"}],"curies":[{"name":"wp","href":"https:\/\/api.w.org\/{rel}","templated":true}]}}